{"id":37469,"date":"2009-08-31T06:48:10","date_gmt":"2009-08-31T04:48:10","guid":{"rendered":"http:\/\/www.schoene-nachrichten.de\/?p=37469"},"modified":"2009-08-30T22:18:36","modified_gmt":"2009-08-30T20:18:36","slug":"ausgabe-72-des-stadtmagazins-fulda-informiert-wirbt-mit-grossem-uniplatz-gewinnspiel-reichlich-lesestoff","status":"publish","type":"post","link":"https:\/\/www.fuldaernachrichten.de\/?p=37469","title":{"rendered":"Ausgabe 72 des Stadtmagazins \u201eFulda informiert\u201c wirbt mit gro\u00dfem Uniplatz-Gewinnspiel: Reichlich Lesestoff"},"content":{"rendered":"<p><a href=\"http:\/\/www.schoene-nachrichten.de\/wp-content\/uploads\/2009\/08\/090830_fuldainformiert.jpg\"><img fetchpriority=\"high\" decoding=\"async\" class=\"alignnone size-medium wp-image-37470\" title=\"090830_fuldainformiert\" src=\"http:\/\/www.schoene-nachrichten.de\/wp-content\/uploads\/2009\/08\/090830_fuldainformiert-265x375.jpg\" alt=\"090830_fuldainformiert\" hspace=\"5\" width=\"265\" height=\"375\" align=\"left\" srcset=\"https:\/\/www.fuldaernachrichten.de\/wp-content\/uploads\/2009\/08\/090830_fuldainformiert-265x375.jpg 265w, https:\/\/www.fuldaernachrichten.de\/wp-content\/uploads\/2009\/08\/090830_fuldainformiert.jpg 423w\" sizes=\"(max-width: 265px) 100vw, 265px\" \/><\/a><strong>Fulda (mb).<\/strong> Nicht nur mit Video oder Audio-Podcasts pr\u00e4sentiert die Stadt ihre reichhaltiges Informationsangebot, sondern auch mit einer neuen Ausgabe des Stadtmagazins \u201eFulda informiert\u201c. Zum Ausklang des Augusts erscheint Heft 72 mit einem weiteren Aufruf zum gro\u00dfen \u201eUniplatz-Gewinnspiel\u201c sowie \u201ejeder Menge Lesestoff\u201c, wie Fuldas OB Gerhard M\u00f6ller verspricht. Ob Schnullerbaum, \u201eBonifatiusroute\u201c, F\u00f6rderprogramm \u201eAktive Kernbereiche\u201c , Wandertag in Willingen oder Infos rund ums Klinikum  &#8211; in \u201eFulda informiert\u201c gibt es wieder viel zu entdecken, das am Wochenende an alle st\u00e4dtischen Haushalte geht.<\/p>\n<p><strong>\u201eUnterhaltsames Sommerkino\u201c<\/strong><\/p>\n<p>In seinem mit der \u00dcberschrift \u201e\u201cSommerkino\u201c der etwas anderen Art\u201c versehen Vorwort geht M\u00f6ller auf Aktuelles in der Stadt ein. Nicht etwa auf der Leinwand.  Aber \u201ekaum weniger unterhaltsam\u201c auf dem Bauzaun am Universit\u00e4tsplatz. Denn da tut sich was. Wer Lust hat, k\u00f6nnen nun durch die \u201eGuckl\u00f6cher\u201c im eleganten tiefbraunen Zaun auf Bagger und Bauleute schauen, sehen, wie das Loch f\u00fcr die neue Tiefgarage immer gr\u00f6\u00dfer, vor allem tiefer wird. Eine echte \u201eLive Doku\u201c eben. Heimatverbundene oder Geschichtsinteressierte geraten bei den 140 Bildern Christoph Krassas auf Fuldas l\u00e4ngster Open-Air Galerie ins Schw\u00e4rmen, meint M\u00f6ller. Vieles  aus \u201eAlt-Fulda\u201c ist derzeit dort zu entdecken: Bekanntes oder weniger Bekanntes. Motivischer Stoff jedenfalls, der Spa\u00df macht, stehen zu bleiben, zu schauen, zu \u00fcberlegen und vielleicht mit dem Nachbarn ins Gespr\u00e4ch zu kommen. <!--more--><\/p>\n<p><strong>Wandern<\/strong><\/p>\n<p>Wie im Kino auf der Gro\u00dfleinwand wirken auch die Bilder, die die Natur Wanderern bietet, sagt M\u00f6ller und spannt den Bogen zum \u201eSommerkino\u201c ganz anderer Art: der Wimpelwanderung zum 109. Deutschen Wandertag in Willingen. Von Fulda nach Schlitz auf der ersten Etappe war Fuldas OB als Schirmherr des letztj\u00e4hrigen Wandertages im Jubil\u00e4umsjahr des Verbands mit dabei. \u201eIch habe es genossen, auf diese Weise einige unserer Stadtteile zu erwandern. Und immer wieder neue Impressionen unserer wundersch\u00f6nen Landschaft wahr- und in mich aufzunehmen\u201c, begeistert sich M\u00f6ller beispielsweise f\u00fcr die L\u00fcderm\u00fcnder Warte inmitten einer bunten Blumenwiese. Oder aber auch f\u00fcr die Impressionen, die er von der letzten Etappe im waldeckschen Upland auf dem Weg nach Willingen wieder mit nach Hause genommen hat.<\/p>\n<p><strong>Ma\u00df halten<\/strong><\/p>\n<p>Am Bahnhofsvorplatz mahnte unl\u00e4ngst der Bund der Deutschen Steuerzahler vor dem rasanten Schuldenwachstum der Kommunen. \u201eRecht hat er! Ma\u00df halten, bewusster Umgang mit der knappen Ressource Geld ist angesagt\u201c, bekr\u00e4ftigt auch Fuldas K\u00e4mmerer im Stadtmagazin \u201eFulda informiert\u201c. Selbstverst\u00e4ndlich gelte das auch in der Domstadt. Die genannten Zahlen m\u00fcssten jedoch stimmen.   Denn der Schuldenstand f\u00fcr den Kernhaushalt bel\u00e4uft sich nach M\u00f6llers Erl\u00e4uterung zu Beginn des Haushaltsjahres 2009 auf 96,7  und nicht auf 163 Millionen Euro, wie der Bund der Steuerzahler bekannt gab. Das entspricht einer Pro-Kopf Verschuldung von 1508 und nicht 2550 Euro. \u201eIn meiner Amtszeit haben wir es gemeinsam mit den st\u00e4dtischen Gremien geschafft, trotz einer durchschnittlichen j\u00e4hrlichen Investition von 20 bis 25 Millionen Euro den Schuldenstand sogar etwas zur\u00fcck zu f\u00fchren. Das ist ein au\u00dferordentlicher Erfolg\u201c, betont M\u00f6ller.<\/p>\n<p>Der Sommer ist noch nicht zu Ende: Das \u201eSommerkino\u201c 2009 d\u00fcrfte vermutlich noch einiges zu bieten haben. Aber abgesehen davon, w\u00fcnscht der Chef der Stadtverwaltung \u201eschon jetzt allen Fuldaern viel Freude beim Lesen unserer neuesten Ausgabe von \u201eFulda informiert\u201c. Wer kein Stadtmagazin erhalten hat, kann Exemplare \u00fcber die Magistratspressestelle beziehen.<\/p>\n","protected":false},"excerpt":{"rendered":"<div class=\"tmnf_excerpt\"><p>Fulda (mb). Nicht nur mit Video oder Audio-Podcasts pr\u00e4sentiert die Stadt ihre reichhaltiges Informationsangebot, sondern auch mit einer neuen Ausgabe des Stadtmagazins \u201eFulda informiert\u201c. Zum Ausklang des Augusts erscheint Heft 72 mit einem weiteren Aufruf zum gro\u00dfen \u201eUniplatz-Gewinnspiel\u201c sowie \u201ejeder Menge Lesestoff\u201c, wie Fuldas OB Gerhard M\u00f6ller verspricht. Ob Schnullerbaum, \u201eBonifatiusroute\u201c, F\u00f6rderprogramm \u201eAktive Kernbereiche\u201c , &hellip;<\/p>\n<\/div>","protected":false},"author":1,"featured_media":0,"comment_status":"closed","ping_status":"closed","sticky":false,"template":"","format":"standard","meta":{"footnotes":""},"categories":[1,44],"tags":[],"class_list":["post-37469","post","type-post","status-publish","format-standard","hentry","category-startseite","category-kultur"],"_links":{"self":[{"href":"https:\/\/www.fuldaernachrichten.de\/index.php?rest_route=\/wp\/v2\/posts\/37469","targetHints":{"allow":["GET"]}}],"collection":[{"href":"https:\/\/www.fuldaernachrichten.de\/index.php?rest_route=\/wp\/v2\/posts"}],"about":[{"href":"https:\/\/www.fuldaernachrichten.de\/index.php?rest_route=\/wp\/v2\/types\/post"}],"author":[{"embeddable":true,"href":"https:\/\/www.fuldaernachrichten.de\/index.php?rest_route=\/wp\/v2\/users\/1"}],"replies":[{"embeddable":true,"href":"https:\/\/www.fuldaernachrichten.de\/index.php?rest_route=%2Fwp%2Fv2%2Fcomments&post=37469"}],"version-history":[{"count":3,"href":"https:\/\/www.fuldaernachrichten.de\/index.php?rest_route=\/wp\/v2\/posts\/37469\/revisions"}],"predecessor-version":[{"id":37492,"href":"https:\/\/www.fuldaernachrichten.de\/index.php?rest_route=\/wp\/v2\/posts\/37469\/revisions\/37492"}],"wp:attachment":[{"href":"https:\/\/www.fuldaernachrichten.de\/index.php?rest_route=%2Fwp%2Fv2%2Fmedia&parent=37469"}],"wp:term":[{"taxonomy":"category","embeddable":true,"href":"https:\/\/www.fuldaernachrichten.de\/index.php?rest_route=%2Fwp%2Fv2%2Fcategories&post=37469"},{"taxonomy":"post_tag","embeddable":true,"href":"https:\/\/www.fuldaernachrichten.de\/index.php?rest_route=%2Fwp%2Fv2%2Ftags&post=37469"}],"curies":[{"name":"wp","href":"https:\/\/api.w.org\/{rel}","templated":true}]}}