{"id":37421,"date":"2009-08-28T06:49:01","date_gmt":"2009-08-28T04:49:01","guid":{"rendered":"http:\/\/www.schoene-nachrichten.de\/?p=37421"},"modified":"2009-08-30T07:49:15","modified_gmt":"2009-08-30T05:49:15","slug":"autowasch-activity-des-leo-club-huenfeld-zu-gunsten-der-vinzenz-von-paul-schule","status":"publish","type":"post","link":"https:\/\/www.fuldaernachrichten.de\/?p=37421","title":{"rendered":"Autowasch-Activity des Leo-Club H\u00fcnfeld zu Gunsten der Vinzenz-von-Paul Schule"},"content":{"rendered":"<p><a href=\"http:\/\/www.schoene-nachrichten.de\/wp-content\/uploads\/2009\/08\/untitled16.jpg\"><img decoding=\"async\" class=\"alignnone size-thumbnail wp-image-37422\" title=\"untitled\" src=\"http:\/\/www.schoene-nachrichten.de\/wp-content\/uploads\/2009\/08\/untitled16-265x176.jpg\" alt=\"untitled\" hspace=\"5\" width=\"265\" height=\"176\" align=\"left\" srcset=\"https:\/\/www.fuldaernachrichten.de\/wp-content\/uploads\/2009\/08\/untitled16-265x176.jpg 265w, https:\/\/www.fuldaernachrichten.de\/wp-content\/uploads\/2009\/08\/untitled16.jpg 900w\" sizes=\"(max-width: 265px) 100vw, 265px\" \/><\/a><strong>H\u00fcnfeld.<\/strong> Am morgigen Samstag ab 10 Uhr l\u00e4dt der LEO-Club H\u00fcnfeld zur mittlerweile traditionellen Autowasch-Aktion ein. Geputzt, gesaugt und gewaschen wird alles in und um das Auto auf dem Gel\u00e4nde des VW Autohauses Deisenroth &amp; S\u00f6hne in der Fuldaer Stra\u00dfe 8, H\u00fcnfeld und auch f\u00fcr das leibliche Wohl der G\u00e4ste wird mit Getr\u00e4nken, sowie Steaks und W\u00fcrstchen bestens gesorgt. Der Erl\u00f6s soll der der Vinzenz-von-Paul Schule in H\u00fcnfeld zu Gute kommen, einer Schule f\u00fcr praktisch bildbare Kinder ab 7 Jahren. Und das Beste f\u00fcr Sie: Es gibt keine festen Preise &#8211; Sie bestimmen, selbst, in welchem Rahmen sie die H\u00fcnfelder Vinzenz-von-Paul Schule unterst\u00fctzen m\u00f6chten.<!--more--><\/p>\n<p>Die Vinzenz-von-Paul Schule ist eine F\u00f6rderschule f\u00fcr praktisch bildbare Kinder und erzieht diese in kleinen Klassen zu einem m\u00f6glichst selbstst\u00e4ndigen Leben und streben eine soziale Eingliederung in die Gesellschaft an aber auch, um Pers\u00f6nlichkeitsentfaltung, Aufbau eines Selbstwertgef\u00fchls, Sammeln von sozialen Erfahrungen, Identit\u00e4tsgewinn, Erwerben kognitiver Kompetenzen und Strategien und \u00dcbernahme sozialer Verantwortung den Sch\u00fclern durch die Interaktionen und kommunikativen Beziehungen im Schulleben zu erm\u00f6glichen. Mit ihren Spenden k\u00f6nnen therapeutische Hilfe ausgebaut, Unterrichtsausstattung verbessert und der Pausenspa\u00df vergr\u00f6\u00dfert werden.<\/p>\n","protected":false},"excerpt":{"rendered":"<div class=\"tmnf_excerpt\"><p>H\u00fcnfeld. Am morgigen Samstag ab 10 Uhr l\u00e4dt der LEO-Club H\u00fcnfeld zur mittlerweile traditionellen Autowasch-Aktion ein. Geputzt, gesaugt und gewaschen wird alles in und um das Auto auf dem Gel\u00e4nde des VW Autohauses Deisenroth &amp; S\u00f6hne in der Fuldaer Stra\u00dfe 8, H\u00fcnfeld und auch f\u00fcr das leibliche Wohl der G\u00e4ste wird mit Getr\u00e4nken, sowie Steaks &hellip;<\/p>\n<\/div>","protected":false},"author":1,"featured_media":0,"comment_status":"closed","ping_status":"closed","sticky":false,"template":"","format":"standard","meta":{"footnotes":""},"categories":[1,35,53,44],"tags":[],"class_list":["post-37421","post","type-post","status-publish","format-standard","hentry","category-startseite","category-auto","category-bildung","category-kultur"],"_links":{"self":[{"href":"https:\/\/www.fuldaernachrichten.de\/index.php?rest_route=\/wp\/v2\/posts\/37421","targetHints":{"allow":["GET"]}}],"collection":[{"href":"https:\/\/www.fuldaernachrichten.de\/index.php?rest_route=\/wp\/v2\/posts"}],"about":[{"href":"https:\/\/www.fuldaernachrichten.de\/index.php?rest_route=\/wp\/v2\/types\/post"}],"author":[{"embeddable":true,"href":"https:\/\/www.fuldaernachrichten.de\/index.php?rest_route=\/wp\/v2\/users\/1"}],"replies":[{"embeddable":true,"href":"https:\/\/www.fuldaernachrichten.de\/index.php?rest_route=%2Fwp%2Fv2%2Fcomments&post=37421"}],"version-history":[{"count":3,"href":"https:\/\/www.fuldaernachrichten.de\/index.php?rest_route=\/wp\/v2\/posts\/37421\/revisions"}],"predecessor-version":[{"id":37425,"href":"https:\/\/www.fuldaernachrichten.de\/index.php?rest_route=\/wp\/v2\/posts\/37421\/revisions\/37425"}],"wp:attachment":[{"href":"https:\/\/www.fuldaernachrichten.de\/index.php?rest_route=%2Fwp%2Fv2%2Fmedia&parent=37421"}],"wp:term":[{"taxonomy":"category","embeddable":true,"href":"https:\/\/www.fuldaernachrichten.de\/index.php?rest_route=%2Fwp%2Fv2%2Fcategories&post=37421"},{"taxonomy":"post_tag","embeddable":true,"href":"https:\/\/www.fuldaernachrichten.de\/index.php?rest_route=%2Fwp%2Fv2%2Ftags&post=37421"}],"curies":[{"name":"wp","href":"https:\/\/api.w.org\/{rel}","templated":true}]}}