{"id":37396,"date":"2009-08-31T07:00:54","date_gmt":"2009-08-31T05:00:54","guid":{"rendered":"http:\/\/www.schoene-nachrichten.de\/?p=37396"},"modified":"2009-08-30T07:55:04","modified_gmt":"2009-08-30T05:55:04","slug":"einweihung-der-haune-halle-in-burghaun","status":"publish","type":"post","link":"https:\/\/www.fuldaernachrichten.de\/?p=37396","title":{"rendered":"Einweihung der \u201eHaune-Halle\u201c in Burghaun"},"content":{"rendered":"<p><a href=\"http:\/\/www.schoene-nachrichten.de\/wp-content\/uploads\/2009\/08\/Haune-Halle.jpg\"><img decoding=\"async\" class=\"alignnone size-thumbnail wp-image-37397\" title=\"Haune-Halle\" src=\"http:\/\/www.schoene-nachrichten.de\/wp-content\/uploads\/2009\/08\/Haune-Halle-265x114.jpg\" alt=\"Haune-Halle\" hspace=\"5\" width=\"265\" height=\"114\" align=\"left\" srcset=\"https:\/\/www.fuldaernachrichten.de\/wp-content\/uploads\/2009\/08\/Haune-Halle-265x114.jpg 265w, https:\/\/www.fuldaernachrichten.de\/wp-content\/uploads\/2009\/08\/Haune-Halle-1024x443.jpg 1024w, https:\/\/www.fuldaernachrichten.de\/wp-content\/uploads\/2009\/08\/Haune-Halle.jpg 1386w\" sizes=\"(max-width: 265px) 100vw, 265px\" \/><\/a><strong>Burghaun. <\/strong>Am Donnerstag, den 17. September 2009 beginnt das gro\u00dfe Festwochenende anl\u00e4sslich der Einweihung der neuen \u201eHaune-Halle\u201c in Burghaun. Alle Veranstaltungen finden vor Ort in der Wehrstra\u00dfe in Burghaun statt. Der Eintritt ist das gesamte Wochenende f\u00fcr alle G\u00e4ste selbstverst\u00e4ndlich frei. Am Donnerstag, den 17. September 2009\u00c2\u00a0 begr\u00fc\u00dft die Marktgemeinde Burghaun um 20:00 Uhr den Klaviertuosen Armin Fischer.<!--more--><\/p>\n<p><strong>\u201eEinmal Klassik und zur\u00fcck\u201c<\/strong><\/p>\n<p>Armin Fischer bietet Ihnen mit seinem Musik-Kabarett \u201eEinmal Klassik und zur\u00fcck\u201c \u2013 Anekdoten \u00fcber Noten einen unvergesslichen Abend. Der von Publikum und Presse als einzigartig bejubelte Klavierkomiker hat die Weichen gestellt f\u00fcr eine musikalische Sonderfahrt erster Klasse. Fischers geniale Vernetzungen von Klassik und Popmusik laden ein zu einer Vergn\u00fcgungsreise auf den Hauptstrecken des Wohlklangs. Steigen wir ein in den Beutezug durch die Geh\u00f6rg\u00e4nge allseits ber\u00fcchtigter Ohrw\u00fcrmer, und ob wir der Tonsprache eines Stummfilmpianisten lauschen oder dem k\u00fcrzesten Klavierunterricht der Welt, Fischer wei\u00df seinen Vorsprung als Wunderkind zu nutzen. Ein Klavierabend zum Lachen also? Armin Fischer darf das, denn wenn er spontan gemixte Musikw\u00fcnsche wie aus einem Guss erklingen l\u00e4sst, erreicht sein frackw\u00fcrdiges Klavierspiel wie beil\u00e4ufig konzertreife Meisterschaft. Freikarten incl. Sitzplatzreservierung erhalten Sie im B\u00fcrgerb\u00fcro der Gemeindeverwaltung, Schlo\u00dfstra\u00dfe 15, Burghaun.<\/p>\n<p>Der Samstagabend, 19. September 2009, steht ganz im Zeichen von \u201ePerlen aus Rock und Pop\u201c, denn diesen haben sich die B-Sides aus Darmstadt verschrieben. Mit einer Songauswahl, bringt die Band, bekannt aus hr 3 pop &amp; weck &#8211; Bombach Show, jedermann zum rocken und jede Frau zum Feiern. Die 3-k\u00f6pfige \u00dc30-Boygroup bereichert so das breite Spektrum hiesiger Coverbands. Ob Kylie Minogue, Rage against the Machine, die Sugababes oder Tito &amp; Tarantula. Schmerzfrei, schmunzelnd und vor allem partytauglich.<\/p>\n<p><strong>\u201eSilent Cries\u201c<\/strong><\/p>\n<p>Den Abend er\u00f6ffnen wird um 20:00 Uhr die Band \u201eSilent Cries\u201c. In dieser Band spielen auch Burghauner Gr\u00f6\u00dfen mit. Sie werden begeistern mit dem Besten aus Rock, plugged und unplugged.<\/p>\n<p>Am Sonntag, den 20. September 2009, findet ein\u00c2\u00a0 \u00f6kumenischer Gottesdienst um 11:00 Uhr in der Haune-Halle statt. Dieser Gottesdienst wird musikalisch begleitet von dem Posaunenchor Burghaun und dem Kirchenchor C\u00e4cilia.<br \/>\nAb 11:45 Uhr werden Vereinsvorf\u00fchrungen der Burghauner Vereine dargeboten.<\/p>\n<p><strong>Folgende Vereine freuen sich auf Ihr kommen:<\/strong><\/p>\n<p>Kanninchenzuchtverein Burghaun, Ausstellung\u00c2\u00a0\u00c2\u00a0 \u00c2\u00a0 11:45 Uhr- 18:00 Uhr<br \/>\nChorgemeinschaft Chorisma H\u00fcnhan\u00c2\u00a0\u00c2\u00a0 \u00c2\u00a0\u00c2\u00a0\u00c2\u00a0 \u00c2\u00a0\u00c2\u00a0\u00c2\u00a0 \u00c2\u00a0 11:45 Uhr\u201312:05 Uhr<br \/>\nMusikzug TV 09 Burghaun\u00c2\u00a0\u00c2\u00a0 \u00c2\u00a0\u00c2\u00a0\u00c2\u00a0 \u00c2\u00a0\u00c2\u00a0\u00c2\u00a0 \u00c2\u00a0\u00c2\u00a0\u00c2\u00a0 \u00c2\u00a0\u00c2\u00a0\u00c2\u00a0 \u00c2\u00a0 12:05 Uhr\u201313:45 Uhr<br \/>\nDer Musikzug begleitet das Mittagsessen, wozu jeder recht herzlich eingeladen ist.<\/p>\n<p>Singflut Burghaun und Chorvereinigung 05 Burghaun\u00c2\u00a0 13:45 Uhr-14:05 Uhr<br \/>\nSKV Gruben, Judovorf\u00fchrung\u00c2\u00a0\u00c2\u00a0 \u00c2\u00a0\u00c2\u00a0\u00c2\u00a0 \u00c2\u00a0\u00c2\u00a0\u00c2\u00a0 \u00c2\u00a0\u00c2\u00a0\u00c2\u00a0 \u00c2\u00a0\u00c2\u00a0 14:15 Uhr-14:45 Uhr<br \/>\nSKV Gruben, Tanzvorf\u00fchrung\u00c2\u00a0\u00c2\u00a0 \u00c2\u00a0\u00c2\u00a0\u00c2\u00a0 \u00c2\u00a0\u00c2\u00a0\u00c2\u00a0 \u00c2\u00a0\u00c2\u00a0\u00c2\u00a0 \u00c2\u00a0\u00c2\u00a0 14:45 Uhr\u201315:15 Uhr<br \/>\nFFW Burghaun, Vereinsvorf\u00fchrung\u00c2\u00a0\u00c2\u00a0 \u00c2\u00a0\u00c2\u00a0\u00c2\u00a0 \u00c2\u00a0\u00c2\u00a0\u00c2\u00a0 \u00c2\u00a0\u00c2\u00a0 15:15 Uhr-15:30 Uhr<br \/>\nTV 09 Bad Girls Tanzvorf\u00fchrung\u00c2\u00a0\u00c2\u00a0 \u00c2\u00a0\u00c2\u00a0\u00c2\u00a0 \u00c2\u00a0\u00c2\u00a0\u00c2\u00a0 \u00c2\u00a0\u00c2\u00a0\u00c2\u00a0 \u00c2\u00a0\u00c2\u00a0 16:30 Uhr-17:00 Uhr<br \/>\nAb 14:00 Uhr startet dann das allj\u00e4hrliche Kinderfest der Marktgemeinde Burghaun. Neben zahlreichen Kinderattraktionen wie H\u00fcpfburgen, einem Hindernisparcours und Kinderschminken bieten wir allen Mutigen in diesem Jahr erstmalig eine Bull-Riding-Station.<\/p>\n<p>Um 15:30 Uhr wird der Zauberer Gerrit mit seiner Show \u201eDreams of Magic &amp; Illusionen nicht nur die kleinen Zuschauer verzaubern. Unterst\u00fctzt von modernsten Lichteffekten und B\u00fchnenfeuerwerk erleben alle G\u00e4ste einen magischen Mix aus phantastischer Zauberei und zauberhaftem Entertainment.<\/p>\n<p>An allen Festtagen ist durch den Ansprechpartner der \u201eHaune-Halle\u201c Gottfried Praschil und den Partyservice Sandra Ditzel aus Burghaun f\u00fcr das leibliche Wohl bestens gesorgt. Wir bieten Ihnen an den Veranstaltungstagen verschiedene Mittagsgerichte, Grillspezialit\u00e4ten, Eis, Crepes sowie Kaffee und\u00c2\u00a0 Kuchen an.<\/p>\n<p>Auf zahlreiche G\u00e4ste freut sich die Gemeindeverwaltung der Marktgemeinde Burghaun.<\/p>\n","protected":false},"excerpt":{"rendered":"<div class=\"tmnf_excerpt\"><p>Burghaun. Am Donnerstag, den 17. September 2009 beginnt das gro\u00dfe Festwochenende anl\u00e4sslich der Einweihung der neuen \u201eHaune-Halle\u201c in Burghaun. Alle Veranstaltungen finden vor Ort in der Wehrstra\u00dfe in Burghaun statt. Der Eintritt ist das gesamte Wochenende f\u00fcr alle G\u00e4ste selbstverst\u00e4ndlich frei. Am Donnerstag, den 17. September 2009\u00c2\u00a0 begr\u00fc\u00dft die Marktgemeinde Burghaun um 20:00 Uhr den &hellip;<\/p>\n<\/div>","protected":false},"author":1,"featured_media":0,"comment_status":"closed","ping_status":"closed","sticky":false,"template":"","format":"standard","meta":{"footnotes":""},"categories":[1,44,29,46],"tags":[],"class_list":["post-37396","post","type-post","status-publish","format-standard","hentry","category-startseite","category-kultur","category-politik","category-sport"],"_links":{"self":[{"href":"https:\/\/www.fuldaernachrichten.de\/index.php?rest_route=\/wp\/v2\/posts\/37396","targetHints":{"allow":["GET"]}}],"collection":[{"href":"https:\/\/www.fuldaernachrichten.de\/index.php?rest_route=\/wp\/v2\/posts"}],"about":[{"href":"https:\/\/www.fuldaernachrichten.de\/index.php?rest_route=\/wp\/v2\/types\/post"}],"author":[{"embeddable":true,"href":"https:\/\/www.fuldaernachrichten.de\/index.php?rest_route=\/wp\/v2\/users\/1"}],"replies":[{"embeddable":true,"href":"https:\/\/www.fuldaernachrichten.de\/index.php?rest_route=%2Fwp%2Fv2%2Fcomments&post=37396"}],"version-history":[{"count":3,"href":"https:\/\/www.fuldaernachrichten.de\/index.php?rest_route=\/wp\/v2\/posts\/37396\/revisions"}],"predecessor-version":[{"id":37432,"href":"https:\/\/www.fuldaernachrichten.de\/index.php?rest_route=\/wp\/v2\/posts\/37396\/revisions\/37432"}],"wp:attachment":[{"href":"https:\/\/www.fuldaernachrichten.de\/index.php?rest_route=%2Fwp%2Fv2%2Fmedia&parent=37396"}],"wp:term":[{"taxonomy":"category","embeddable":true,"href":"https:\/\/www.fuldaernachrichten.de\/index.php?rest_route=%2Fwp%2Fv2%2Fcategories&post=37396"},{"taxonomy":"post_tag","embeddable":true,"href":"https:\/\/www.fuldaernachrichten.de\/index.php?rest_route=%2Fwp%2Fv2%2Ftags&post=37396"}],"curies":[{"name":"wp","href":"https:\/\/api.w.org\/{rel}","templated":true}]}}