{"id":3739,"date":"2007-06-20T01:23:32","date_gmt":"2007-06-19T23:23:32","guid":{"rendered":"http:\/\/www.schoene-nachrichten.de\/?p=3739"},"modified":"2007-06-20T01:25:18","modified_gmt":"2007-06-19T23:25:18","slug":"am-wochenende-firmungen-im-dekanat-huenfeld","status":"publish","type":"post","link":"https:\/\/www.fuldaernachrichten.de\/?p=3739","title":{"rendered":"Am Wochenende Firmungen im Dekanat H\u00fcnfeld"},"content":{"rendered":"<p><strong>Sch\u00f6nes aus H\u00fcnfeld.<\/strong> Wie die Bisch\u00f6fliche Pressestelle Fulda mitteilt, wird\u00c2\u00a0Bischofsvikar Prof. Dr. Gerhard Stanke am Samstag, 23. Juni, in H\u00fcnfeld mit Sargenzell und R\u00fcckers und am Sonntag, 24. Juni, in Michelsrombach das Firmsakrament spenden. Am Samstag, 30. Juni, firmt Prof. Stanke in Marbach, und am Donnerstag, 5. Juli, erfolgt die Firmung in Kirchhasel mit Ro\u00dfbach.<\/p>\n","protected":false},"excerpt":{"rendered":"<div class=\"tmnf_excerpt\"><p>Sch\u00f6nes aus H\u00fcnfeld. Wie die Bisch\u00f6fliche Pressestelle Fulda mitteilt, wird\u00c2\u00a0Bischofsvikar Prof. Dr. Gerhard Stanke am Samstag, 23. Juni, in H\u00fcnfeld mit Sargenzell und R\u00fcckers und am Sonntag, 24. Juni, in Michelsrombach das Firmsakrament spenden. Am Samstag, 30. Juni, firmt Prof. Stanke in Marbach, und am Donnerstag, 5. Juli, erfolgt die Firmung in Kirchhasel mit Ro\u00dfbach.<\/p>\n<\/div>","protected":false},"author":1,"featured_media":0,"comment_status":"closed","ping_status":"closed","sticky":false,"template":"","format":"standard","meta":{"footnotes":""},"categories":[1,50],"tags":[],"class_list":["post-3739","post","type-post","status-publish","format-standard","hentry","category-startseite","category-kirche"],"_links":{"self":[{"href":"https:\/\/www.fuldaernachrichten.de\/index.php?rest_route=\/wp\/v2\/posts\/3739","targetHints":{"allow":["GET"]}}],"collection":[{"href":"https:\/\/www.fuldaernachrichten.de\/index.php?rest_route=\/wp\/v2\/posts"}],"about":[{"href":"https:\/\/www.fuldaernachrichten.de\/index.php?rest_route=\/wp\/v2\/types\/post"}],"author":[{"embeddable":true,"href":"https:\/\/www.fuldaernachrichten.de\/index.php?rest_route=\/wp\/v2\/users\/1"}],"replies":[{"embeddable":true,"href":"https:\/\/www.fuldaernachrichten.de\/index.php?rest_route=%2Fwp%2Fv2%2Fcomments&post=3739"}],"version-history":[{"count":0,"href":"https:\/\/www.fuldaernachrichten.de\/index.php?rest_route=\/wp\/v2\/posts\/3739\/revisions"}],"wp:attachment":[{"href":"https:\/\/www.fuldaernachrichten.de\/index.php?rest_route=%2Fwp%2Fv2%2Fmedia&parent=3739"}],"wp:term":[{"taxonomy":"category","embeddable":true,"href":"https:\/\/www.fuldaernachrichten.de\/index.php?rest_route=%2Fwp%2Fv2%2Fcategories&post=3739"},{"taxonomy":"post_tag","embeddable":true,"href":"https:\/\/www.fuldaernachrichten.de\/index.php?rest_route=%2Fwp%2Fv2%2Ftags&post=3739"}],"curies":[{"name":"wp","href":"https:\/\/api.w.org\/{rel}","templated":true}]}}