{"id":3734,"date":"2007-06-20T01:26:36","date_gmt":"2007-06-19T23:26:36","guid":{"rendered":"http:\/\/www.schoene-nachrichten.de\/?p=3734"},"modified":"2007-06-20T01:26:36","modified_gmt":"2007-06-19T23:26:36","slug":"jugendkulturwoche-mit-workshops-konzert-und-poetry-slam","status":"publish","type":"post","link":"https:\/\/www.fuldaernachrichten.de\/?p=3734","title":{"rendered":"Jugendkulturwoche mit Workshops, Konzert und &#8220;Poetry Slam&#8221;"},"content":{"rendered":"<p><strong><a rel=\"lightbox[roadtrip]\" target=\"_blank\" href=\"http:\/\/www.schoene-nachrichten.de\/wp-content\/uploads\/2007\/06\/070619_jugendkulturwoche.jpg\" title=\"070619_jugendkulturwoche.jpg\"><img decoding=\"async\" align=\"left\" src=\"http:\/\/www.schoene-nachrichten.de\/wp-content\/uploads\/2007\/06\/070619_jugendkulturwoche.thumbnail.jpg\" hspace=\"5\" alt=\"070619_jugendkulturwoche.jpg\" \/><\/a>Sch\u00f6nes aus\u00c2\u00a0Fulda.<\/strong> Die Jugendkulturfabrik der Stadt Fulda veranstaltet vom 09. \u2013 14. Juli\u00c2\u00a0eine Jugendkulturwoche mit einem vielf\u00e4ltigen Freizeitprogramm f\u00fcr Jugendliche. W\u00e4hrend der Woche werden die drei verschiedenen Workshopgruppen \u201eGet creative\u201c, \u201eMeet the Beat\u201c und \u201eMove your Body\u201c angeboten. Hierin findet sich ein facettenreiches Repertoire an sportlichen Aktivit\u00e4ten, wie z.B. Break- und Streetdance, Yoga, Klettern und weitere erlebnisp\u00e4dagogische Aktionen. <!--more--><\/p>\n<p>Au\u00dferdem findet man kreative Gestaltungstechniken von Graffiti \u00fcber Airbrush, Actionpainting und digitale Bildbearbeitung sowie nat\u00fcrlich der musikalische Bereich mit Bandworkshop, Songwriting, DJing, Beatbox und Musikproduktion am PC. Die Workshops finden von Montag bis Freitag zwischen 10.00 und 16.00 Uhr statt und werden am Samstag am \u201eTag der offenen T\u00fcr\u201c pr\u00e4sentiert.<\/p>\n<p>Am Freitagabend hei\u00dft es B\u00fchne frei f\u00fcr Poeten und Musiker. Geplant ist ab 20.00 Uhr ein Wettstreit der Poeten (Poetry Slam) in dem sich junge Dichter, Rapper und Reimer dem Publikum stellen und selbst verfasste Texte zum Besten geben. Im Anschluss findet dann ein Konzert mit den lokalen Bands &#8220;Zulu&#8221;, &#8220;The Buskers&#8221; und &#8220;Pfirsichhaud&#8221; statt.\u00c2\u00a0 Am Samstag ab 14 Uhr \u00f6ffnet die Jugendkulturfabrik dann ihre Pforten f\u00fcr den \u201eTag der offenen T\u00fcr\u201c. Hier kann den Graffiti-Malern\u00c2\u00a0direkt auf die Finger geschaut werden, wenn sie die gro\u00dfe legale Wand neu gestalten.<\/p>\n<p>Desweiteren gibt es ein Schnupperklettern durch den Deutschen Alpenverein an der Indoor-Kletterwand, F\u00fchrungen und eine Fotorallye durch das ganze\u00c2\u00a0Haus sowie Leckeres vom Grill und einen Vortrag zum Thema \u201eGraffitiworkshops in der Jugendarbeit\u201c. Zum Abschluss der Woche findet in Kooperation mit dem Kulturzentrum Kreuz eine Hip Hop Jam im Kulturkeller mit Live MCs und DJs statt.<\/p>\n<p>Weitere Informationen und Anmeldungen zu den Workshops sowie Poetry Slam bitte unter Tel.: 0661\/102 19 85 und auf der Website\u00c2\u00a0<a target=\"_blank\" href=\"http:\/\/www.jugendkulturfabrik.de\">www.jugendkulturfabrik.de<\/a>.<\/p>\n","protected":false},"excerpt":{"rendered":"<div class=\"tmnf_excerpt\"><p>Sch\u00f6nes aus\u00c2\u00a0Fulda. Die Jugendkulturfabrik der Stadt Fulda veranstaltet vom 09. \u2013 14. Juli\u00c2\u00a0eine Jugendkulturwoche mit einem vielf\u00e4ltigen Freizeitprogramm f\u00fcr Jugendliche. W\u00e4hrend der Woche werden die drei verschiedenen Workshopgruppen \u201eGet creative\u201c, \u201eMeet the Beat\u201c und \u201eMove your Body\u201c angeboten. Hierin findet sich ein facettenreiches Repertoire an sportlichen Aktivit\u00e4ten, wie z.B. Break- und Streetdance, Yoga, Klettern und &hellip;<\/p>\n<\/div>","protected":false},"author":1,"featured_media":0,"comment_status":"closed","ping_status":"closed","sticky":false,"template":"","format":"standard","meta":{"footnotes":""},"categories":[1,37,44],"tags":[],"class_list":["post-3734","post","type-post","status-publish","format-standard","hentry","category-startseite","category-essen-und-trinken","category-kultur"],"_links":{"self":[{"href":"https:\/\/www.fuldaernachrichten.de\/index.php?rest_route=\/wp\/v2\/posts\/3734","targetHints":{"allow":["GET"]}}],"collection":[{"href":"https:\/\/www.fuldaernachrichten.de\/index.php?rest_route=\/wp\/v2\/posts"}],"about":[{"href":"https:\/\/www.fuldaernachrichten.de\/index.php?rest_route=\/wp\/v2\/types\/post"}],"author":[{"embeddable":true,"href":"https:\/\/www.fuldaernachrichten.de\/index.php?rest_route=\/wp\/v2\/users\/1"}],"replies":[{"embeddable":true,"href":"https:\/\/www.fuldaernachrichten.de\/index.php?rest_route=%2Fwp%2Fv2%2Fcomments&post=3734"}],"version-history":[{"count":0,"href":"https:\/\/www.fuldaernachrichten.de\/index.php?rest_route=\/wp\/v2\/posts\/3734\/revisions"}],"wp:attachment":[{"href":"https:\/\/www.fuldaernachrichten.de\/index.php?rest_route=%2Fwp%2Fv2%2Fmedia&parent=3734"}],"wp:term":[{"taxonomy":"category","embeddable":true,"href":"https:\/\/www.fuldaernachrichten.de\/index.php?rest_route=%2Fwp%2Fv2%2Fcategories&post=3734"},{"taxonomy":"post_tag","embeddable":true,"href":"https:\/\/www.fuldaernachrichten.de\/index.php?rest_route=%2Fwp%2Fv2%2Ftags&post=3734"}],"curies":[{"name":"wp","href":"https:\/\/api.w.org\/{rel}","templated":true}]}}