{"id":3733,"date":"2007-06-20T01:29:45","date_gmt":"2007-06-19T23:29:45","guid":{"rendered":"http:\/\/www.schoene-nachrichten.de\/?p=3733"},"modified":"2007-06-20T01:37:26","modified_gmt":"2007-06-19T23:37:26","slug":"lisa-uphoff-zum-auftaktbesuch-bei-caritas-in-fulda","status":"publish","type":"post","link":"https:\/\/www.fuldaernachrichten.de\/?p=3733","title":{"rendered":"Lisa Uphoff zum Auftaktbesuch bei Caritas in Fulda"},"content":{"rendered":"<p><strong><a rel=\"lightbox[roadtrip]\" target=\"_blank\" href=\"http:\/\/www.schoene-nachrichten.de\/wp-content\/uploads\/2007\/06\/070619-upphoff.jpg\" title=\"070619-upphoff.jpg\"><img decoding=\"async\" align=\"left\" src=\"http:\/\/www.schoene-nachrichten.de\/wp-content\/uploads\/2007\/06\/070619-upphoff.thumbnail.jpg\" hspace=\"5\" alt=\"070619-upphoff.jpg\" \/><\/a>Leute.<\/strong> Seit April unterhalten die Caritasverb\u00e4nde der Di\u00f6zesen Fulda, Limburg und Mainz gemeinsam in Wiesbaden eine Gesch\u00e4ftsstelle der Hessen-Caritas. Leiterin dieser Gesch\u00e4ftsstelle ist Lisa Uphoff, vormalige FAZ-Redakteurin.\u00c2\u00a0Uphoff ist Ansprechpartnerin der Caritas f\u00fcr Parteien und Politiker am hessischen Regierungssitz und sorgt umgekehrt f\u00fcr die Verdeutlichung von Positionen der Caritas in Hessen bez\u00fcglich politischer und gesellschaftlich relevanter Entwicklungen. <!--more--><\/p>\n<p>Ziel der drei Di\u00f6zesanverb\u00e4nde der Caritas ist es, zuk\u00fcnftig in Wiesbaden permanent Pr\u00e4senz zu zeigen, ihre gemeinsamen Interessen deutlicher sichtbar zu machen und an die \u00d6ffentlichkeit zu bringen, um auf diese Weise \u201eschlagkr\u00e4ftiger\u201c f\u00fcr die Interessen der Bed\u00fcrftigen und Schwachen in Hessen auftreten zu k\u00f6nnen.<\/p>\n<p>Zu ihrem Antrittsbesuch kam Lisa Uphoff j\u00fcngst nach Fulda. Beim Besuch des Caritas-Hauses in der Wilhelmstra\u00dfe und verschiedener Einrichtungen lernte die Leiterin der Hessen-Caritas-Gesch\u00e4ftsstelle die Strukturen des osthessischen Di\u00f6sesan-Caritasverbandes kennen. Bei Gespr\u00e4chen mit den Vorst\u00e4nden Malte Crome und Ansgar Erb sowie Funktionstr\u00e4gern unterschiedlicher Bereiche wurden ihr die aus Fuldaer Sicht aktuellen wichtigen Themen vorgestellt.\u00c2\u00a0<\/p>\n<p>Das Caritas-Foto zeigt Lisa Uphoff (Mitte) mit Vertretern der Caritas Fulda beim Rundgang durch die Werkst\u00e4tten in der Fuldaer St.-Vinzenz-Stra\u00dfe.<\/p>\n","protected":false},"excerpt":{"rendered":"<div class=\"tmnf_excerpt\"><p>Leute. Seit April unterhalten die Caritasverb\u00e4nde der Di\u00f6zesen Fulda, Limburg und Mainz gemeinsam in Wiesbaden eine Gesch\u00e4ftsstelle der Hessen-Caritas. Leiterin dieser Gesch\u00e4ftsstelle ist Lisa Uphoff, vormalige FAZ-Redakteurin.\u00c2\u00a0Uphoff ist Ansprechpartnerin der Caritas f\u00fcr Parteien und Politiker am hessischen Regierungssitz und sorgt umgekehrt f\u00fcr die Verdeutlichung von Positionen der Caritas in Hessen bez\u00fcglich politischer und gesellschaftlich relevanter &hellip;<\/p>\n<\/div>","protected":false},"author":1,"featured_media":0,"comment_status":"closed","ping_status":"closed","sticky":false,"template":"","format":"standard","meta":{"footnotes":""},"categories":[1,50,44],"tags":[],"class_list":["post-3733","post","type-post","status-publish","format-standard","hentry","category-startseite","category-kirche","category-kultur"],"_links":{"self":[{"href":"https:\/\/www.fuldaernachrichten.de\/index.php?rest_route=\/wp\/v2\/posts\/3733","targetHints":{"allow":["GET"]}}],"collection":[{"href":"https:\/\/www.fuldaernachrichten.de\/index.php?rest_route=\/wp\/v2\/posts"}],"about":[{"href":"https:\/\/www.fuldaernachrichten.de\/index.php?rest_route=\/wp\/v2\/types\/post"}],"author":[{"embeddable":true,"href":"https:\/\/www.fuldaernachrichten.de\/index.php?rest_route=\/wp\/v2\/users\/1"}],"replies":[{"embeddable":true,"href":"https:\/\/www.fuldaernachrichten.de\/index.php?rest_route=%2Fwp%2Fv2%2Fcomments&post=3733"}],"version-history":[{"count":0,"href":"https:\/\/www.fuldaernachrichten.de\/index.php?rest_route=\/wp\/v2\/posts\/3733\/revisions"}],"wp:attachment":[{"href":"https:\/\/www.fuldaernachrichten.de\/index.php?rest_route=%2Fwp%2Fv2%2Fmedia&parent=3733"}],"wp:term":[{"taxonomy":"category","embeddable":true,"href":"https:\/\/www.fuldaernachrichten.de\/index.php?rest_route=%2Fwp%2Fv2%2Fcategories&post=3733"},{"taxonomy":"post_tag","embeddable":true,"href":"https:\/\/www.fuldaernachrichten.de\/index.php?rest_route=%2Fwp%2Fv2%2Ftags&post=3733"}],"curies":[{"name":"wp","href":"https:\/\/api.w.org\/{rel}","templated":true}]}}