{"id":37311,"date":"2009-08-28T07:00:03","date_gmt":"2009-08-28T05:00:03","guid":{"rendered":"http:\/\/www.schoene-nachrichten.de\/?p=37311"},"modified":"2009-08-28T07:45:16","modified_gmt":"2009-08-28T05:45:16","slug":"9-monate-freiwilligendienst-in-uganda-fsmda-rueckkehrer-halten-letztes-vorbereitungsseminar-fuer-neuen-jahrgang","status":"publish","type":"post","link":"https:\/\/www.fuldaernachrichten.de\/?p=37311","title":{"rendered":"9 Monate Freiwilligendienst in Uganda \u2013 FSMDA-R\u00fcckkehrer halten letztes Vorbereitungsseminar f\u00fcr neuen Jahrgang"},"content":{"rendered":"<p><strong>Fulda.<\/strong> \u201eObwohl ich nach 9 Monaten Freiwilligendienst nun schon fast wieder 3 Monate zur\u00fcck bin, freue ich mich bei jeder Dusche \u00fcber flie\u00dfendes Wasser\u201c, so Anna Katharina J\u00fcngst aus Emsdorf bei Marburg, eine der 6 Ehemaligen, die das letzte Vorbereitungsseminar f\u00fcr den neuen FSMDA-Jahrgang (Freiwilliger Sozialer und Missionarischer Dienst im Ausland) im Partnerbistum Hoima, in Uganda, ma\u00dfgeblich gestaltet haben.<\/p>\n<p><a href=\"http:\/\/www.schoene-nachrichten.de\/wp-content\/uploads\/2009\/08\/DSC04167.jpg\"><img fetchpriority=\"high\" decoding=\"async\" class=\"alignnone size-thumbnail wp-image-37312\" title=\"Bistum Fulda\" src=\"http:\/\/www.schoene-nachrichten.de\/wp-content\/uploads\/2009\/08\/DSC04167-265x198.jpg\" alt=\"Bistum Fulda\" width=\"265\" height=\"198\" srcset=\"https:\/\/www.fuldaernachrichten.de\/wp-content\/uploads\/2009\/08\/DSC04167-265x198.jpg 265w, https:\/\/www.fuldaernachrichten.de\/wp-content\/uploads\/2009\/08\/DSC04167.jpg 800w\" sizes=\"(max-width: 265px) 100vw, 265px\" \/><\/a> <a href=\"http:\/\/www.schoene-nachrichten.de\/wp-content\/uploads\/2009\/08\/DSC04169.jpg\"><img decoding=\"async\" class=\"alignnone size-thumbnail wp-image-37313\" title=\"Bistum Fulda\" src=\"http:\/\/www.schoene-nachrichten.de\/wp-content\/uploads\/2009\/08\/DSC04169-265x198.jpg\" alt=\"Bistum Fulda\" width=\"265\" height=\"198\" srcset=\"https:\/\/www.fuldaernachrichten.de\/wp-content\/uploads\/2009\/08\/DSC04169-265x198.jpg 265w, https:\/\/www.fuldaernachrichten.de\/wp-content\/uploads\/2009\/08\/DSC04169.jpg 800w\" sizes=\"(max-width: 265px) 100vw, 265px\" \/><\/a><!--more--><\/p>\n<p><strong>\u201eJetzt f\u00fchle ich mich ready-to-go und bin gespannt wie ein Flitzebogen\u201c<\/strong><\/p>\n<p>Neben einer kleinen Einf\u00fchrung in die Stammessprache Runjoro erl\u00e4uterten die \u201eAlten\u201c den \u201eNeuen\u201c das Leben in Uganda in Pfarrei-, Familien- und Arbeitssituationen. Einige Seminarteile waren auf Englisch, um die Amtssprache Ugandas zu \u00fcben und weil neben den FSMDA-Mentoren Pfr. Rogers Biriija und Pfr. Joseph Ndiraba aus Uganda, auch weitere Priester aus Hoima dabei waren, die z.Zt. zur\u00c2\u00a0 Ferienvertretung\u00c2\u00a0 in unserer Di\u00f6zese sind und mit der Gruppe die hl. Messe feierten, wie Msgr. John Mary Kabyanga und Pfr. George William Kaahwa.<\/p>\n<p>Pfr. Deogratias Serunjogi, der nun f\u00fcr l\u00e4ngere Zeit in der Pfarrei in Eichenzell-B\u00fcchenberg sein wird, freut sich besonders, dass aus dieser Pfarrei Teresa Muth zu den \u201eNeuen\u201c FSMDA\u00c2\u00b4lern geh\u00f6rt.<\/p>\n<p>\u201eMich begeistert die Dynamik und Bandbreite dieses jungen Dienstes, was sich auch in der Anteilnahme der geistlichen Zentren zeigt, wo wir unsere Seminare haben k\u00f6nnen, wie das Kloster Frauenberg, Missio in M\u00fcnchen oder die Sch\u00f6nstattschwestern hier in Dietershausen oder dass an diesem Wochenende Freiwillige aus dem Bistum M\u00fcnster, die von unseren guten Vorbereitungen geh\u00f6rt hatten, dabei waren. Auch h\u00f6ren die jungen Erwachsenen den ugandischen Priestern ganz anders zu, wenn sie \u00fcber ihre Arbeit berichten oder es f\u00fcr Pfr. Deogratias z.B. ganz selbstverst\u00e4ndlich ist, t\u00e4glich eine Familie in seiner Pfarrei in Eichenzell zu besuchen.\u201c, so Thomas Bretz, Referent im Seelsorgeamt und Koordinator des FSMDA. \u201eJunge Erwachsene suchen verst\u00e4rkt nach entwicklungspolitischen Freiwilligendiensten, \u00fcber 2300 wurden im letzten Jahr von verschiedensten deutschen Organisationen entsandt. Dieses Engagement aufzugreifen ist eine gro\u00dfe pastorale Chance und Anfrage, dass auch wir als Weltkirche profilierte Angebote machen und damit auch Raum f\u00fcr Gottesbegegnungen schaffen.\u201c, so Bretz weiter.<\/p>\n<p>Dem \u201ealten\u201c FSMDA Jahrgang, f\u00fcr den es gleichzeitig der letzte Nachbereitungskurs ihres Freiwilligendienstes war, gab missio-Referent und FSMDA-Verantwortlicher Sturmius Schneider mit auf den Weg: \u201eWas euch in den vergangenen Monaten in eurem pers\u00f6nlichen Glauben gest\u00e4rkt hat, das nehmt mit auf euren weiteren Lebensweg und seid auch weiterhin als Licht und kleine Missionare in unserer Kirche und der Gesellschaft unterwegs.\u201c<\/p>\n<p>Die Aussendungsmesse der 7 jungen Erwachsenen findet am 14. August um 14.30 Uhr in der Klosterkirche am Frauenberg in Fulda statt. Herzliche Einladung an alle Interessierte dieses Freiwilligendienstes. \u201eJetzt f\u00fchle ich mich ready-to-go und bin schon gespannt wie ein Flitzebogen\u201c sagt Lea-Maria Kraus aus Nidderau bei Frankfurt \u00fcber Ihre Bevorstehende Ausreise.<\/p>\n<p><strong>Kontakt:<\/strong><\/p>\n<p>Interessenten f\u00fcr den \u201eFSMDA-Jahrgang 2010\/11\u201c wenden sich an Thomas Bretz vom Referat Neuevangelisierung, Tel. 0661\/87-364, thomas.bretz@bistum-fulda.de , bzw. an Sturmius Schneider vom Referat Mission, Entwicklung und Frieden, Tel. 0661\/87-363, missio@bistum-fulda.de<\/p>\n","protected":false},"excerpt":{"rendered":"<div class=\"tmnf_excerpt\"><p>Fulda. \u201eObwohl ich nach 9 Monaten Freiwilligendienst nun schon fast wieder 3 Monate zur\u00fcck bin, freue ich mich bei jeder Dusche \u00fcber flie\u00dfendes Wasser\u201c, so Anna Katharina J\u00fcngst aus Emsdorf bei Marburg, eine der 6 Ehemaligen, die das letzte Vorbereitungsseminar f\u00fcr den neuen FSMDA-Jahrgang (Freiwilliger Sozialer und Missionarischer Dienst im Ausland) im Partnerbistum Hoima, in &hellip;<\/p>\n<\/div>","protected":false},"author":1,"featured_media":0,"comment_status":"closed","ping_status":"closed","sticky":false,"template":"","format":"standard","meta":{"footnotes":""},"categories":[1,72,50],"tags":[],"class_list":["post-37311","post","type-post","status-publish","format-standard","hentry","category-startseite","category-jugend","category-kirche"],"_links":{"self":[{"href":"https:\/\/www.fuldaernachrichten.de\/index.php?rest_route=\/wp\/v2\/posts\/37311","targetHints":{"allow":["GET"]}}],"collection":[{"href":"https:\/\/www.fuldaernachrichten.de\/index.php?rest_route=\/wp\/v2\/posts"}],"about":[{"href":"https:\/\/www.fuldaernachrichten.de\/index.php?rest_route=\/wp\/v2\/types\/post"}],"author":[{"embeddable":true,"href":"https:\/\/www.fuldaernachrichten.de\/index.php?rest_route=\/wp\/v2\/users\/1"}],"replies":[{"embeddable":true,"href":"https:\/\/www.fuldaernachrichten.de\/index.php?rest_route=%2Fwp%2Fv2%2Fcomments&post=37311"}],"version-history":[{"count":3,"href":"https:\/\/www.fuldaernachrichten.de\/index.php?rest_route=\/wp\/v2\/posts\/37311\/revisions"}],"predecessor-version":[{"id":37332,"href":"https:\/\/www.fuldaernachrichten.de\/index.php?rest_route=\/wp\/v2\/posts\/37311\/revisions\/37332"}],"wp:attachment":[{"href":"https:\/\/www.fuldaernachrichten.de\/index.php?rest_route=%2Fwp%2Fv2%2Fmedia&parent=37311"}],"wp:term":[{"taxonomy":"category","embeddable":true,"href":"https:\/\/www.fuldaernachrichten.de\/index.php?rest_route=%2Fwp%2Fv2%2Fcategories&post=37311"},{"taxonomy":"post_tag","embeddable":true,"href":"https:\/\/www.fuldaernachrichten.de\/index.php?rest_route=%2Fwp%2Fv2%2Ftags&post=37311"}],"curies":[{"name":"wp","href":"https:\/\/api.w.org\/{rel}","templated":true}]}}