{"id":37306,"date":"2009-08-28T06:15:25","date_gmt":"2009-08-28T04:15:25","guid":{"rendered":"http:\/\/www.schoene-nachrichten.de\/?p=37306"},"modified":"2009-08-28T07:45:53","modified_gmt":"2009-08-28T05:45:53","slug":"trennungs-u-scheidungskindergruppen-wenn-ich-darueber-reden-koennte-in-der-muetze","status":"publish","type":"post","link":"https:\/\/www.fuldaernachrichten.de\/?p=37306","title":{"rendered":"Trennungs- u. Scheidungskindergruppen \u2013 \u201ewenn ich dar\u00fcber reden k\u00f6nnte\u00e2\u20ac\u00a6\u201c in Der M\u00dcTZE"},"content":{"rendered":"<p><strong>Fulda. <\/strong>Wenn Eltern sich trennen, bricht die bisherige Welt der Kinder auseinander. Den Eltern fehlt h\u00e4ufig die Zeit und Kraft, den Kindern die Aufmerksamkeit und Sicherheit zu geben, die sie jetzt so dringend ben\u00f6tigen. Kinder k\u00f6nnen mit Traurigkeit, Wut, Schuldgef\u00fchlen, Schulproblemen oder \u00c4ngsten reagieren. Doch auch Kinder, die keine besonderen Reaktionen zeigen, leiden oft schwer.<!--more--><\/p>\n<p><strong>Erlernen von Ausdrucksm\u00f6glichkeiten<\/strong><\/p>\n<p>Im M\u00fctterzentrum e. V., Fulda \u201eDie M\u00dcTZE\u201c starten im September wieder Kurse f\u00fcr Trennungs- und Scheidungskinder. In einer festen Gruppe unter Leitung einer p\u00e4dagogischen Fachkraft erhalten die Kinder Hilfe, Anregung und Unterst\u00fctzung, um mit den Ver\u00e4nderungen zurecht zu kommen. Das Programm umfasst u. a. Gespr\u00e4che, Rollenspiele, malen, Erz\u00e4hlungen und Entspannungstechniken um die Trennung der Eltern zu verstehen und akzeptieren zu lernen. Im Mittelpunkt stehen Themen wie das Erlernen von Ausdrucksm\u00f6glichkeiten von Gef\u00fchlen, W\u00fcnschen und Hoffnungen, sowie die Auseinandersetzung mit Wut und Trauer. Die Gruppen finden f\u00fcr 6- bis 9-J\u00e4hrige und 10- bis 12-J\u00e4hrige an 8 Nachmittagen f\u00fcr 1,5 Stunden statt, Kursbeginn ist Dienstag, 29.09.09.<\/p>\n<p>Ein kostenloser Infoabend findet am 16.09.09 um 20.00 Uhr im M\u00fctterzentrum statt.<br \/>\nEine vorherige Anmeldung ist erforderlich unter Telefon 0661\/8050, Mo. \u2013 Fr. 9.00 \u2013 12.00 Uhr, n\u00e4here Infos auch im Internet unter <a href=\"http:\/\/www.muetze-fulda.de\" target=\"_blank\">www.muetze-fulda.de<\/a>.<\/p>\n","protected":false},"excerpt":{"rendered":"<div class=\"tmnf_excerpt\"><p>Fulda. Wenn Eltern sich trennen, bricht die bisherige Welt der Kinder auseinander. Den Eltern fehlt h\u00e4ufig die Zeit und Kraft, den Kindern die Aufmerksamkeit und Sicherheit zu geben, die sie jetzt so dringend ben\u00f6tigen. Kinder k\u00f6nnen mit Traurigkeit, Wut, Schuldgef\u00fchlen, Schulproblemen oder \u00c4ngsten reagieren. Doch auch Kinder, die keine besonderen Reaktionen zeigen, leiden oft schwer.<\/p>\n<\/div>","protected":false},"author":1,"featured_media":0,"comment_status":"closed","ping_status":"closed","sticky":false,"template":"","format":"standard","meta":{"footnotes":""},"categories":[1,53,72],"tags":[],"class_list":["post-37306","post","type-post","status-publish","format-standard","hentry","category-startseite","category-bildung","category-jugend"],"_links":{"self":[{"href":"https:\/\/www.fuldaernachrichten.de\/index.php?rest_route=\/wp\/v2\/posts\/37306","targetHints":{"allow":["GET"]}}],"collection":[{"href":"https:\/\/www.fuldaernachrichten.de\/index.php?rest_route=\/wp\/v2\/posts"}],"about":[{"href":"https:\/\/www.fuldaernachrichten.de\/index.php?rest_route=\/wp\/v2\/types\/post"}],"author":[{"embeddable":true,"href":"https:\/\/www.fuldaernachrichten.de\/index.php?rest_route=\/wp\/v2\/users\/1"}],"replies":[{"embeddable":true,"href":"https:\/\/www.fuldaernachrichten.de\/index.php?rest_route=%2Fwp%2Fv2%2Fcomments&post=37306"}],"version-history":[{"count":3,"href":"https:\/\/www.fuldaernachrichten.de\/index.php?rest_route=\/wp\/v2\/posts\/37306\/revisions"}],"predecessor-version":[{"id":37333,"href":"https:\/\/www.fuldaernachrichten.de\/index.php?rest_route=\/wp\/v2\/posts\/37306\/revisions\/37333"}],"wp:attachment":[{"href":"https:\/\/www.fuldaernachrichten.de\/index.php?rest_route=%2Fwp%2Fv2%2Fmedia&parent=37306"}],"wp:term":[{"taxonomy":"category","embeddable":true,"href":"https:\/\/www.fuldaernachrichten.de\/index.php?rest_route=%2Fwp%2Fv2%2Fcategories&post=37306"},{"taxonomy":"post_tag","embeddable":true,"href":"https:\/\/www.fuldaernachrichten.de\/index.php?rest_route=%2Fwp%2Fv2%2Ftags&post=37306"}],"curies":[{"name":"wp","href":"https:\/\/api.w.org\/{rel}","templated":true}]}}