{"id":37297,"date":"2009-08-29T06:06:01","date_gmt":"2009-08-29T04:06:01","guid":{"rendered":"http:\/\/www.schoene-nachrichten.de\/?p=37297"},"modified":"2009-08-28T22:06:12","modified_gmt":"2009-08-28T20:06:12","slug":"gruenderfruehstueck-im-rahmen-der-fibit09","status":"publish","type":"post","link":"https:\/\/www.fuldaernachrichten.de\/?p=37297","title":{"rendered":"Gr\u00fcnderfr\u00fchst\u00fcck im Rahmen der fibit09"},"content":{"rendered":"<p><strong>Fulda. <\/strong>Knapp zwei Wochen vor dem Start des Existenzgr\u00fcnderwochenendes mit Gr\u00fcndermesse am Freitag,18. 09.2009 und Gr\u00fcndertour am Sonntag 20.09.2009 l\u00e4dt das Regionale Standortmarketing zu einem ganz besonderen Gr\u00fcnderfr\u00fchst\u00fcck ein. <!--more--><\/p>\n<p>Alle Gr\u00fcnder, Jungunternehmer und Berater sind eingeladen zum Gr\u00fcnderfr\u00fchst\u00fcck im Rahmen der IT-Fachmesse fibit09  am Samstag, 05.09.2009, um 9.00 Uhr im Hotel Esperanto. Der Besuch der Messe ist f\u00fcr Teilnehmer des Gr\u00fcnderfr\u00fchst\u00fccks kostenfrei. Die schriftliche Anmeldung zum Gr\u00fcnderfr\u00fchst\u00fcck gilt als Eintrittskarte.<\/p>\n<p>Nat\u00fcrlich ist auch f\u00fcr den fachlichen Input besorgt. Der gesch\u00e4ftsf\u00fchrende Gesellschafter der RVC-GmbH, Roland Vollmer wird einen Kurzvortrag halten zum Thema: &#8220;Was machen erfolgreiche Unternehmer besser?&#8221; Der IT-Unternehmer ist Vorstandsmitglied des Vereins Zeitsprung IT-Forum Fulda e.V., der die fibit09 veranstaltet. N\u00e4here Informationen unter:  <a href=\"http:\/\/http:\/\/www.wirtschaftsregionfulda.de\/existenz\/gruendermesse\/gruendermesse.2009.html\">http:\/\/www.wirtschaftsregionfulda.de\/existenz\/gruendermesse\/gruendermesse.2009.html<\/a>.<\/p>\n","protected":false},"excerpt":{"rendered":"<div class=\"tmnf_excerpt\"><p>Fulda. Knapp zwei Wochen vor dem Start des Existenzgr\u00fcnderwochenendes mit Gr\u00fcndermesse am Freitag,18. 09.2009 und Gr\u00fcndertour am Sonntag 20.09.2009 l\u00e4dt das Regionale Standortmarketing zu einem ganz besonderen Gr\u00fcnderfr\u00fchst\u00fcck ein.<\/p>\n<\/div>","protected":false},"author":1,"featured_media":0,"comment_status":"closed","ping_status":"closed","sticky":false,"template":"","format":"standard","meta":{"footnotes":""},"categories":[1,29],"tags":[],"class_list":["post-37297","post","type-post","status-publish","format-standard","hentry","category-startseite","category-politik"],"_links":{"self":[{"href":"https:\/\/www.fuldaernachrichten.de\/index.php?rest_route=\/wp\/v2\/posts\/37297","targetHints":{"allow":["GET"]}}],"collection":[{"href":"https:\/\/www.fuldaernachrichten.de\/index.php?rest_route=\/wp\/v2\/posts"}],"about":[{"href":"https:\/\/www.fuldaernachrichten.de\/index.php?rest_route=\/wp\/v2\/types\/post"}],"author":[{"embeddable":true,"href":"https:\/\/www.fuldaernachrichten.de\/index.php?rest_route=\/wp\/v2\/users\/1"}],"replies":[{"embeddable":true,"href":"https:\/\/www.fuldaernachrichten.de\/index.php?rest_route=%2Fwp%2Fv2%2Fcomments&post=37297"}],"version-history":[{"count":2,"href":"https:\/\/www.fuldaernachrichten.de\/index.php?rest_route=\/wp\/v2\/posts\/37297\/revisions"}],"predecessor-version":[{"id":37381,"href":"https:\/\/www.fuldaernachrichten.de\/index.php?rest_route=\/wp\/v2\/posts\/37297\/revisions\/37381"}],"wp:attachment":[{"href":"https:\/\/www.fuldaernachrichten.de\/index.php?rest_route=%2Fwp%2Fv2%2Fmedia&parent=37297"}],"wp:term":[{"taxonomy":"category","embeddable":true,"href":"https:\/\/www.fuldaernachrichten.de\/index.php?rest_route=%2Fwp%2Fv2%2Fcategories&post=37297"},{"taxonomy":"post_tag","embeddable":true,"href":"https:\/\/www.fuldaernachrichten.de\/index.php?rest_route=%2Fwp%2Fv2%2Ftags&post=37297"}],"curies":[{"name":"wp","href":"https:\/\/api.w.org\/{rel}","templated":true}]}}