{"id":37295,"date":"2009-08-28T06:30:22","date_gmt":"2009-08-28T04:30:22","guid":{"rendered":"http:\/\/www.schoene-nachrichten.de\/?p=37295"},"modified":"2009-08-28T07:47:37","modified_gmt":"2009-08-28T05:47:37","slug":"die-region-mittelhessen-mit-neuem-vorstand-weiter-zur-entfaltung-bringen","status":"publish","type":"post","link":"https:\/\/www.fuldaernachrichten.de\/?p=37295","title":{"rendered":"Die Region Mittelhessen mit neuem Vorstand weiter zur Entfaltung bringen"},"content":{"rendered":"<p><a href=\"http:\/\/www.schoene-nachrichten.de\/wp-content\/uploads\/2009\/08\/090826_mittehessen_vorstand.jpg\"><img decoding=\"async\" class=\"alignnone size-medium wp-image-37294\" title=\"090826_mittehessen_vorstand\" src=\"http:\/\/www.schoene-nachrichten.de\/wp-content\/uploads\/2009\/08\/090826_mittehessen_vorstand-265x132.jpg\" alt=\"090826_mittehessen_vorstand\" hspace=\"5\" width=\"265\" height=\"132\" align=\"left\" srcset=\"https:\/\/www.fuldaernachrichten.de\/wp-content\/uploads\/2009\/08\/090826_mittehessen_vorstand-265x132.jpg 265w, https:\/\/www.fuldaernachrichten.de\/wp-content\/uploads\/2009\/08\/090826_mittehessen_vorstand.jpg 600w\" sizes=\"(max-width: 265px) 100vw, 265px\" \/><\/a><strong>Mittelhessen. <\/strong>Auf der siebten Mitgliederversammlung haben die Mitglieder von MitteHessen e.V., dem Regionalmanagementverein f\u00fcr Mittelhessen, im Licher Kloster Arnsburg turnusgem\u00e4\u00df ihren Vorstand neu gew\u00e4hlt und die strategische Vereinsarbeit in den Bereichen Bildung, Innovation und Infrastruktur best\u00e4tigt.<!--more--><\/p>\n<p>Wilfried Schmied, seit 100 Tagen Regierungspr\u00e4sident au\u00dfer Dienst, trat erneut als Vorsitzender an: \u201eDie Hessische Landesregierung hat mich gebeten, die Interessen des Landes noch eine Wahlperiode wahrzunehmen. Das mache ich sehr gerne!\u201c, so Schmied, der einstimmig wiedergew\u00e4hlt wurde. So wie Wilfried Schmied f\u00fcr das Land Hessen im Vorstand mitarbeitet, gibt es sieben weitere Mitgliedergruppen, die daf\u00fcr sorgen, dass die jeweiligen Interessen im Regionalmanagement vertreten werden. Alle Vorst\u00e4nde wurden einm\u00fctig gew\u00e4hlt, so dass die folgende Mannschaft die n\u00e4chsten zwei Jahre die Region vertritt:<\/p>\n<p>Das Land Hessen \t<strong>Wilfried Schmied<\/strong><br \/>\nDie Landkreise \t<strong>Rudolf Marx<\/strong> (Vogelsbergkreis)<br \/>\nDie Oberzentren \t<strong>Egon Vaupel<\/strong> (Universit\u00e4tsstadt Marburg)<br \/>\nDie Mittel- und Grundzentren \t<strong>Dr. Manfred Schmidt<\/strong> (Gemeinde H\u00fcttenberg)<br \/>\nDie Hochschulen \t<strong>Prof. Dr. G\u00fcnther Grabatin<\/strong> (FH Gie\u00dfen-Friedberg)<br \/>\nDie Industrie- und Handelskammern \t<strong>G\u00fcnther Schmidt<\/strong> (IHK Limburg)<br \/>\nDie Handwerkskammern <strong> Robert Werner<\/strong> (HWK Wiesbaden)<br \/>\nDie Betriebe \t<strong>Rainer Noll<\/strong> (Licher Brauerei)<\/p>\n<p>Au\u00dfer Wilfried Schmied Rainer Noll und Robert Werner sind alle Positionen Neubesetzungen. Der gesch\u00e4ftsf\u00fchrende Vorstand wurden ebenso einm\u00fctig gew\u00e4hlt: Stellvertreter von Wilfried Schmied ist nun Egon Vaupel, Marburgs Oberb\u00fcrgermeister, als Finanzvorstand best\u00e4tigt wurde Rainer Noll, zu seinem Stellvertreter wurde Rudolf Marx, der Landrat des Vogelsbergkreises bestimmt.<\/p>\n<p><strong>Mitmachen bei MitteHessen und St\u00e4rken st\u00e4rken<\/strong><\/p>\n<p>Bernd Klein, B\u00fcrgermeister der Stadt Lich hatte zu Beginn der Versammlung eindrucksvoll formuliert, weswegen die 14.000-Einwohner-Stadt \u201eim Herzen der Natur\u201c bei MitteHessen mitmacht: \u201eIn einem Europa der Regionen hat man als einzelne Kommune, ja selbst als Landkreis kaum eine Chance wahrgenommen zu werden. Als Region funktioniert das. Da wir auf dieser Ebene vertreten sein wollen, ist es f\u00fcr die Stadt Lich selbstverst\u00e4ndlich, Mitglied beim Regionalmanagement zu sein.\u201c Weitere Berichte der Mitglieder drehten sich um die Aktivit\u00e4ten des Vereins, die Region weiter zu st\u00e4rken.So soll Mittelhessen als Standort f\u00fcr die Wachstumsbranche Logistik positioniert werden: Heiner Gei\u00dfler, Prokurist der IMAXX GmbH engagiert sich als Mitglied im MitteHessen-Arbeitskreis und k\u00fcndigte an, dass MitteHessen einen Antrag auf Landesf\u00f6rderung einreichen werde.<\/p>\n<p>Im Herbst wird die Kompetenz der Region in der Umwelttechnik untermauert: Der erste Kompetenzatlas Kraft-W\u00e4rme-Kopplung Mittelhessen mit 42 Eintr\u00e4gen erscheint. Helmut Ziegler, Gesch\u00e4ftsf\u00fchrer der Firma K\u00f6hler&amp;Ziegler berichtete nicht nur \u00fcber dieses Projekt, sondern stellte auch gleich die Mitgliedschaft seines Unternehmens in Aussicht.<\/p>\n<p>Was man aus einer Region alles machen kann, demonstrierte schlie\u00dflich sehr eindrucksvoll Prof. Dr. Albrecht Beutelspacher, Direktor des Gie\u00dfener Mathematikums. Mit wenigen Scherenschnitten verwandelte der Mittelhessen-Botschafter die Landkarte der Region so, dass er hindurchsteigen konnte: \u201eSie sehen, auch eine scheinbar kleine Region kann sich entfalten\u201c, so Beutelspacher, der betonte, dass der Stadt Gie\u00dfen gerade mit der Einbeziehung von Mittelhessen der Gewinn des Wettbewerbs \u201eStadt der jungen Forscher\u201c gelungen ist.<\/p>\n<p><strong>Mehr Mitglieder, zufriedene Mitglieder<\/strong><\/p>\n<p>Dr. Matthias Leder, ehrenamtlicher Gesch\u00e4ftsf\u00fchrer von MitteHessen berichtete \u00fcber die Mitgliederentwicklung: \u201eIm abgelaufenen Jahr steht ein Austritt insgesamt 13 neuen Mitgliedern gegen\u00fcber, alle sind Unternehmen. Wir haben somit erstmals in der Vereinsgeschichte 90 Mitglieder.\u201c Diese Mitglieder zeigen sich mit der Vereinsarbeit zufrieden, wie die Befragung der St\u00e4dte, Landkreise, Kammern, Hochschulen und Unternehmen zeigte: in der Summe wurde Bewertung von 2,4 auf einer Skala von 1 bis 5 vergeben, fast 50 Prozent der Befragten haben geantwortet. Der Vorjahreswert betrug 2,8.<\/p>\n<p>Die Mitglieder entlasteten nach dem Kassenpr\u00fcfungsbericht, den J\u00fcrgen Schroetter, Kaufm. Gesch\u00e4ftsleiter des Marburger Unternehmens Pharmaserv vortrug, einstimmig Vorstand und Gesch\u00e4ftsf\u00fchrung f\u00fcr das Jahr 2008. Die Zusammenkunft nutzten viele Mitglieder zu Gespr\u00e4chen untereinander im historischen Ambiente von Kloster Arnsburg und best\u00e4tigten so die Lebendigkeit des MitteHessen-Mottos \u201eZusammen Wachsen\u201c.<br \/>\n\u00dcber MitteHessen: Der Verein sch\u00e4rft das Profil der Region durch Projekte in den Bereichen Innovation, Bildung und Infrastruktur. MitteHessen bildet einen Schulterschluss aus Wirtschaft, Wissenschaft und Politik und besteht seit dem Jahr 2003. Zurzeit ziehen 90 St\u00e4dte, Landkreise, Kammern, Hochschulen und Unternehmen unter dem Vorsitz des Regierungspr\u00e4sidenten a. D. Wilfried Schmied bei MitteHessen an einem Strang.<br \/>\nMitteHessen-Pressemeldung 04\/2009 | Verantwortlich: Manuel Heinrich<br \/>\nTelefon: 0641\/94 888 9-11, Fax: 0641\/94 888 9-20, heinrich@mittehessen.de<br \/>\nMitteHessen e. V. \u2013 Regionalmanagement f\u00fcr Mittelhessen, Lonystra\u00dfe 7, 35390 Gie\u00dfen<br \/>\n<a href=\"http:\/\/http:\/\/www.region-mittelhessen.de\">http:\/\/www.region-mittelhessen.de<\/a><\/p>\n","protected":false},"excerpt":{"rendered":"<div class=\"tmnf_excerpt\"><p>Mittelhessen. Auf der siebten Mitgliederversammlung haben die Mitglieder von MitteHessen e.V., dem Regionalmanagementverein f\u00fcr Mittelhessen, im Licher Kloster Arnsburg turnusgem\u00e4\u00df ihren Vorstand neu gew\u00e4hlt und die strategische Vereinsarbeit in den Bereichen Bildung, Innovation und Infrastruktur best\u00e4tigt.<\/p>\n<\/div>","protected":false},"author":1,"featured_media":0,"comment_status":"closed","ping_status":"closed","sticky":false,"template":"","format":"standard","meta":{"footnotes":""},"categories":[1,29],"tags":[],"class_list":["post-37295","post","type-post","status-publish","format-standard","hentry","category-startseite","category-politik"],"_links":{"self":[{"href":"https:\/\/www.fuldaernachrichten.de\/index.php?rest_route=\/wp\/v2\/posts\/37295","targetHints":{"allow":["GET"]}}],"collection":[{"href":"https:\/\/www.fuldaernachrichten.de\/index.php?rest_route=\/wp\/v2\/posts"}],"about":[{"href":"https:\/\/www.fuldaernachrichten.de\/index.php?rest_route=\/wp\/v2\/types\/post"}],"author":[{"embeddable":true,"href":"https:\/\/www.fuldaernachrichten.de\/index.php?rest_route=\/wp\/v2\/users\/1"}],"replies":[{"embeddable":true,"href":"https:\/\/www.fuldaernachrichten.de\/index.php?rest_route=%2Fwp%2Fv2%2Fcomments&post=37295"}],"version-history":[{"count":2,"href":"https:\/\/www.fuldaernachrichten.de\/index.php?rest_route=\/wp\/v2\/posts\/37295\/revisions"}],"predecessor-version":[{"id":37337,"href":"https:\/\/www.fuldaernachrichten.de\/index.php?rest_route=\/wp\/v2\/posts\/37295\/revisions\/37337"}],"wp:attachment":[{"href":"https:\/\/www.fuldaernachrichten.de\/index.php?rest_route=%2Fwp%2Fv2%2Fmedia&parent=37295"}],"wp:term":[{"taxonomy":"category","embeddable":true,"href":"https:\/\/www.fuldaernachrichten.de\/index.php?rest_route=%2Fwp%2Fv2%2Fcategories&post=37295"},{"taxonomy":"post_tag","embeddable":true,"href":"https:\/\/www.fuldaernachrichten.de\/index.php?rest_route=%2Fwp%2Fv2%2Ftags&post=37295"}],"curies":[{"name":"wp","href":"https:\/\/api.w.org\/{rel}","templated":true}]}}