{"id":37279,"date":"2009-08-30T07:00:04","date_gmt":"2009-08-30T05:00:04","guid":{"rendered":"http:\/\/www.schoene-nachrichten.de\/?p=37279"},"modified":"2009-08-30T08:00:23","modified_gmt":"2009-08-30T06:00:23","slug":"landkreis-fulda-nimmt-verpflichtungen-aus-kreisstrassenbau-ernst","status":"publish","type":"post","link":"https:\/\/www.fuldaernachrichten.de\/?p=37279","title":{"rendered":"Landkreis Fulda nimmt Verpflichtungen aus Kreisstra\u00dfenbau ernst"},"content":{"rendered":"<p><a href=\"http:\/\/www.schoene-nachrichten.de\/wp-content\/uploads\/2009\/08\/090828_SpatenstichK1.jpg\"><img decoding=\"async\" class=\"alignnone size-medium wp-image-37280\" title=\"090828_SpatenstichK1\" src=\"http:\/\/www.schoene-nachrichten.de\/wp-content\/uploads\/2009\/08\/090828_SpatenstichK1-265x176.jpg\" alt=\"090828_SpatenstichK1\" hspace=\"5\" width=\"265\" height=\"176\" align=\"left\" srcset=\"https:\/\/www.fuldaernachrichten.de\/wp-content\/uploads\/2009\/08\/090828_SpatenstichK1-265x176.jpg 265w, https:\/\/www.fuldaernachrichten.de\/wp-content\/uploads\/2009\/08\/090828_SpatenstichK1.jpg 600w\" sizes=\"(max-width: 265px) 100vw, 265px\" \/><\/a><strong>Petersberg.<\/strong> Nachdem die Vorbereitungs- und Planungsarbeiten kurzfristig abgewickelt werden konnten, hoffen alle Beteiligten beim Ausbau der Kreisstra\u00dfe 1 (K 1) in der Ortslage G\u00f6tzenhof auf eine ebenso z\u00fcgige Durchf\u00fchrung der Bauma\u00dfnahme, die auf elf Monate veranschlagt ist. Ulrich Hansel vom Amt f\u00fcr Stra\u00dfen- und Verkehrswesen in Fulda stellte eine teilweise Befahrbarkeit bis zum Jahresende in Aussicht, wies aber darauf hin, dass \u201ees ohne Staub, L\u00e4rm und Umwege nicht gehen wird\u201c. Man werde sich bem\u00fchen, die Belastungen w\u00e4hrend der Bauphase in ertr\u00e4glichem Rahmen zu halten.<!--more--><\/p>\n<p>Diesen dringenden Wunsch im Interesse vor allem der unmittelbaren Anlieger verband Landrat Bernd Woide mit der Hoffnung auf einen m\u00f6glichst unfallfreien Verlauf. Landrat Woide, der den symbolischen ersten Spatenstich mit dem Schaufelbagger t\u00e4tigte, sprach von \u201ekeiner kleinen Stra\u00dfenbauma\u00dfnahme\u201c, f\u00fcr die der Landkreis Fulda Eigenmittel von immerhin rund 560.000 Euro aufwenden m\u00fcsse. \u201eWir nehmen auch in diesem Fall unsere Verpflichtungen, die sich aus der Unterhaltung eines umfangreichen und leistungsf\u00e4higen Kreisstra\u00dfennetzes ergeben, sehr ernst \u2013 und das trotz enger werdendem Haushaltsbudget.\u201c<\/p>\n<p>Nach den Worten von B\u00fcrgermeister Karl-Josef Schwiddessen habe die Gemeinde Peters-berg den Ausbau der Ortsdurchfahrt G\u00f6tzenhof schon einige Jahre auf der Tagesordnung. Man begleite die Ma\u00dfnahme positiv und engagiere sich bei der Neuanlage der Geh- und Radwege auch finanziell. Von allen Ortsdurchfahrten im Gemeindegebiet fehle jetzt nur noch Unterg\u00f6tzenhof \u2013 \u201edann sind wir wunschlos gl\u00fccklich\u201c. B\u00fcrgermeister Schwiddessen \u00e4u\u00dferte sich \u00fcberzeugt, dass \u201ealler \u00c4rger \u00fcber den Baustress schnell verflogen sein wird, wenn die neue Stra\u00dfe erst einmal fertiggestellt ist \u2013 und das so z\u00fcgig wie m\u00f6glich\u201c.<\/p>\n<p>Die Stra\u00dfenbauma\u00dfnahme ist notwendig, weil sich die K 1 einschlie\u00dflich Nebenanlagen in einem schlechten Zustand befindet. Aufgrund des unzureichenden Unterbaus zeigen sich deutliche Setzungen und Unebenheiten in L\u00e4ngs- und Querrichtung sowie viele Risse. Die Bauarbeiten beginnen an der Bahnunterf\u00fchrung und enden nach 800 Meter auf freier Strecke im Einm\u00fcndungsbereich der K 7. Die Fahrbahn erh\u00e4lt eine einheitliche Breite von 6,00 Meter einschlie\u00dflich beidseitiger Entw\u00e4sserungsrinnen. Linksseitig wird ein kombinierter Geh- und Radweg von 3,00 Meter Breite hergestellt, rechtsseitig ein Gehweg.<\/p>\n","protected":false},"excerpt":{"rendered":"<div class=\"tmnf_excerpt\"><p>Petersberg. Nachdem die Vorbereitungs- und Planungsarbeiten kurzfristig abgewickelt werden konnten, hoffen alle Beteiligten beim Ausbau der Kreisstra\u00dfe 1 (K 1) in der Ortslage G\u00f6tzenhof auf eine ebenso z\u00fcgige Durchf\u00fchrung der Bauma\u00dfnahme, die auf elf Monate veranschlagt ist. Ulrich Hansel vom Amt f\u00fcr Stra\u00dfen- und Verkehrswesen in Fulda stellte eine teilweise Befahrbarkeit bis zum Jahresende in &hellip;<\/p>\n<\/div>","protected":false},"author":1,"featured_media":0,"comment_status":"closed","ping_status":"closed","sticky":false,"template":"","format":"standard","meta":{"footnotes":""},"categories":[1,29],"tags":[],"class_list":["post-37279","post","type-post","status-publish","format-standard","hentry","category-startseite","category-politik"],"_links":{"self":[{"href":"https:\/\/www.fuldaernachrichten.de\/index.php?rest_route=\/wp\/v2\/posts\/37279","targetHints":{"allow":["GET"]}}],"collection":[{"href":"https:\/\/www.fuldaernachrichten.de\/index.php?rest_route=\/wp\/v2\/posts"}],"about":[{"href":"https:\/\/www.fuldaernachrichten.de\/index.php?rest_route=\/wp\/v2\/types\/post"}],"author":[{"embeddable":true,"href":"https:\/\/www.fuldaernachrichten.de\/index.php?rest_route=\/wp\/v2\/users\/1"}],"replies":[{"embeddable":true,"href":"https:\/\/www.fuldaernachrichten.de\/index.php?rest_route=%2Fwp%2Fv2%2Fcomments&post=37279"}],"version-history":[{"count":3,"href":"https:\/\/www.fuldaernachrichten.de\/index.php?rest_route=\/wp\/v2\/posts\/37279\/revisions"}],"predecessor-version":[{"id":37440,"href":"https:\/\/www.fuldaernachrichten.de\/index.php?rest_route=\/wp\/v2\/posts\/37279\/revisions\/37440"}],"wp:attachment":[{"href":"https:\/\/www.fuldaernachrichten.de\/index.php?rest_route=%2Fwp%2Fv2%2Fmedia&parent=37279"}],"wp:term":[{"taxonomy":"category","embeddable":true,"href":"https:\/\/www.fuldaernachrichten.de\/index.php?rest_route=%2Fwp%2Fv2%2Fcategories&post=37279"},{"taxonomy":"post_tag","embeddable":true,"href":"https:\/\/www.fuldaernachrichten.de\/index.php?rest_route=%2Fwp%2Fv2%2Ftags&post=37279"}],"curies":[{"name":"wp","href":"https:\/\/api.w.org\/{rel}","templated":true}]}}