{"id":37259,"date":"2009-08-28T06:48:57","date_gmt":"2009-08-28T04:48:57","guid":{"rendered":"http:\/\/www.schoene-nachrichten.de\/?p=37259"},"modified":"2009-08-28T07:49:19","modified_gmt":"2009-08-28T05:49:19","slug":"ehemaliges-pfarrhaus-st-sturmius-dient-nach-umbau-der-caritas-jugendhilfe","status":"publish","type":"post","link":"https:\/\/www.fuldaernachrichten.de\/?p=37259","title":{"rendered":"Ehemaliges Pfarrhaus St. Sturmius dient nach Umbau der Caritas-Jugendhilfe"},"content":{"rendered":"<p><a href=\"http:\/\/www.schoene-nachrichten.de\/wp-content\/uploads\/2009\/08\/090828_St.Sturmius.jpg\"><img fetchpriority=\"high\" decoding=\"async\" class=\"alignnone size-medium wp-image-37260\" title=\"090828_St.Sturmius\" src=\"http:\/\/www.schoene-nachrichten.de\/wp-content\/uploads\/2009\/08\/090828_St.Sturmius-265x198.jpg\" alt=\"090828_St.Sturmius\" hspace=\"5\" width=\"265\" height=\"198\" align=\"left\" srcset=\"https:\/\/www.fuldaernachrichten.de\/wp-content\/uploads\/2009\/08\/090828_St.Sturmius-265x198.jpg 265w, https:\/\/www.fuldaernachrichten.de\/wp-content\/uploads\/2009\/08\/090828_St.Sturmius.jpg 600w\" sizes=\"(max-width: 265px) 100vw, 265px\" \/><\/a><strong>Fulda (cif)<\/strong>. Anwohner im Wallweg haben es vielleicht schon bemerkt: Rund um das ehemalige Pfarrhaus St. Sturmius tut sich etwas. Die Fassade des unter Denkmalsschutz stehenden, 1924 errichteten Geb\u00e4udes wird nach Vorgabe der zust\u00e4ndigen Denkmalspflegebeh\u00f6rde hergerichtet, aber auch im Innern wird gr\u00fcndlich saniert und umgestaltet. Nachdem der Caritasverband f\u00fcr die Di\u00f6zese Fulda das Geb\u00e4ude von der Kirchengemeinde k\u00fcrzlich k\u00e4uflich erworben hat, wird das Haus nach dem Leerstand endlich wieder einer angemessenen Nutzung zugef\u00fchrt. Die Kinder- und Jugendhilfe der Caritas mit ihrem Jugendhilfeverbund St. Elisabeth wird hier zuk\u00fcnftig im Rahmen ihres Angebotes \u201eFamilienaktivierende Hilfe\u201c eine Sechs-Tage-Wohngruppe einrichten.  <!--more--><\/p>\n<p>Um die Kinder und Jugendlichen und die Betreuer der Wohngruppe unterbringen zu k\u00f6nnen, werden die vormaligen getrennten Wohnungen sowie die Verwaltungsr\u00e4ume umgebaut. Auf beiden Etagen entstehen Wohn- und Schlafzimmer f\u00fcr die Kinder und Jugendlichen, die B\u00e4der werden modernisiert, und es entstehen Gemeinschaftsr\u00e4ume sowie ein \u00dcbernachtungs- und Besprechungszimmer f\u00fcr das Betreuungspersonal. Das Angebot \u201eFamilienaktivierende Hilfen\u201c richtet sich an Familien, die Unterst\u00fctzung in der Erziehung ihrer Kinder ben\u00f6tigen, und bei denen dabei eine zeitweilige r\u00e4umliche Distanz notwendig erscheint.<\/p>\n<p>Die betroffenen Kinder oder Jugendlichen wohnen dann von Montag bis Freitag in der neuen Wohngruppe am Wallweg, sie werden durch Fachpersonal p\u00e4dagogisch betreut und begleitet. Jedes Wochenende sowie die H\u00e4lfte der Schulferien sind die Kinder zu Hause, um die Erfahrungen aus der Wohngruppenphase dort einzubringen und einer Entfremdung der Familien entgegenzuwirken. Familienaktivierende Hilfe setzt ganz besonders stark auf eine enge Kooperation zwischen den ausf\u00fchrenden Mitarbeitern des Jugendhilfeverbundes St. Elisabeth und den betroffenen Eltern. Intensive Beratung, Trainingssituationen und aktive Mitgestaltung von Alltagsanforderungen binden die Eltern in die Verantwortung f\u00fcr das Gelingen des Hilfeprozesses ein.<\/p>\n<p>Eltern mit einem entsprechenden Hilfebedarf k\u00f6nnen sich im Rahmen der \u201eHilfen zur Erziehung\u201c bei dem f\u00fcr sie zust\u00e4ndigen Jugendamt beraten lassen. Im Bedarfsfall findet eine Vermittlung und finanzielle F\u00f6rderung durch die \u00f6rtlichen Jugend\u00e4mter statt. F\u00fcr n\u00e4here Informationen zu dem Angebot der Familienaktivierenden Sechs-Tage-Gruppe steht zudem auch der Jugendhilfeverbund St. Elisabeth in Fulda gerne zur Verf\u00fcgung.<\/p>\n<p>F\u00fcr die Umbau- und Sanierungsarbeiten des ehemaligen Pfarrhauses werden vom Caritasverband ca. 310.000 Euro veranschlagt, wie das zust\u00e4ndige Vorstandsmitglied Ansgar Erb mitteilt. An der Finanzierung der Ma\u00dfnahme beteilligt sich laut Erb auch die ARD-Fernsehlotterie \u201eEin Platz an der Sonne\u201c mit einem Zuschuss in H\u00f6he von 173.000 Euro.<\/p>\n","protected":false},"excerpt":{"rendered":"<div class=\"tmnf_excerpt\"><p>Fulda (cif). Anwohner im Wallweg haben es vielleicht schon bemerkt: Rund um das ehemalige Pfarrhaus St. Sturmius tut sich etwas. Die Fassade des unter Denkmalsschutz stehenden, 1924 errichteten Geb\u00e4udes wird nach Vorgabe der zust\u00e4ndigen Denkmalspflegebeh\u00f6rde hergerichtet, aber auch im Innern wird gr\u00fcndlich saniert und umgestaltet. Nachdem der Caritasverband f\u00fcr die Di\u00f6zese Fulda das Geb\u00e4ude von &hellip;<\/p>\n<\/div>","protected":false},"author":1,"featured_media":0,"comment_status":"closed","ping_status":"closed","sticky":false,"template":"","format":"standard","meta":{"footnotes":""},"categories":[1,50],"tags":[],"class_list":["post-37259","post","type-post","status-publish","format-standard","hentry","category-startseite","category-kirche"],"_links":{"self":[{"href":"https:\/\/www.fuldaernachrichten.de\/index.php?rest_route=\/wp\/v2\/posts\/37259","targetHints":{"allow":["GET"]}}],"collection":[{"href":"https:\/\/www.fuldaernachrichten.de\/index.php?rest_route=\/wp\/v2\/posts"}],"about":[{"href":"https:\/\/www.fuldaernachrichten.de\/index.php?rest_route=\/wp\/v2\/types\/post"}],"author":[{"embeddable":true,"href":"https:\/\/www.fuldaernachrichten.de\/index.php?rest_route=\/wp\/v2\/users\/1"}],"replies":[{"embeddable":true,"href":"https:\/\/www.fuldaernachrichten.de\/index.php?rest_route=%2Fwp%2Fv2%2Fcomments&post=37259"}],"version-history":[{"count":4,"href":"https:\/\/www.fuldaernachrichten.de\/index.php?rest_route=\/wp\/v2\/posts\/37259\/revisions"}],"predecessor-version":[{"id":37341,"href":"https:\/\/www.fuldaernachrichten.de\/index.php?rest_route=\/wp\/v2\/posts\/37259\/revisions\/37341"}],"wp:attachment":[{"href":"https:\/\/www.fuldaernachrichten.de\/index.php?rest_route=%2Fwp%2Fv2%2Fmedia&parent=37259"}],"wp:term":[{"taxonomy":"category","embeddable":true,"href":"https:\/\/www.fuldaernachrichten.de\/index.php?rest_route=%2Fwp%2Fv2%2Fcategories&post=37259"},{"taxonomy":"post_tag","embeddable":true,"href":"https:\/\/www.fuldaernachrichten.de\/index.php?rest_route=%2Fwp%2Fv2%2Ftags&post=37259"}],"curies":[{"name":"wp","href":"https:\/\/api.w.org\/{rel}","templated":true}]}}