{"id":37220,"date":"2009-08-27T06:50:48","date_gmt":"2009-08-27T04:50:48","guid":{"rendered":"http:\/\/www.schoene-nachrichten.de\/?p=37220"},"modified":"2009-08-27T08:33:59","modified_gmt":"2009-08-27T06:33:59","slug":"uewag-legt-bei-stromabsatz-und-umsatz-deutlich-zu","status":"publish","type":"post","link":"https:\/\/www.fuldaernachrichten.de\/?p=37220","title":{"rendered":"\u00dcWAG legt bei Stromabsatz und Umsatz deutlich zu"},"content":{"rendered":"<p><strong>Fulda.<\/strong> W\u00e4hrend die Wirtschaftskrise bundesweit zu r\u00fcckl\u00e4ufigen Stromabs\u00e4tzen der Energieanbieter f\u00fchrt, hat die \u00dcWAG im ersten Halbjahr 2009 rund 30 Prozent mehr Strom verkauft als im Vergleichshalbjahr des Vorjahres. Auch der Umsatz steigerte sich in diesem Zeitraum in der entsprechenden Gr\u00f6\u00dfenordnung von rund 140 Millionen Euro auf rund 180 Millionen Euro brutto. Das f\u00fchrende osthessische Energieversorgungsunternehmen ist zuversichtlich, bis zum Jahresende rund 3,8 Milliarden Kilowattstunden Strom absetzen und die Umsatzerl\u00f6se auf 380 Millionen Euro brutto steigern zu k\u00f6nnen. <!--more--><\/p>\n<p><strong>Rund 30 Prozent mehr Energie als im Vorjahreszeitraum verkauft<\/strong><\/p>\n<p>Die Absatz- und Umsatzsteigerung gelang der \u00dcWAG vor allem durch den Zugewinn neuer Kunden bundesweit sowie verst\u00e4rkte Handelsaktivit\u00e4ten auf Energieversorger-Ebene. \u201eWir nutzen intensiv alle M\u00f6glichkeiten, die der liberalisierte Strommarkt bietet, und arbeiten hart daran, neue Kunden au\u00dferhalb unserer Region zu gewinnen\u201c, erl\u00e4utert \u00dcWAG-Vorstand Dipl.-Ing. G\u00fcnter Bury die positive Absatz- und Umsatz-Entwicklung. So gelang es der \u00dcWAG, neue Sondervertragskunden zu gewinnen, die gr\u00f6\u00dfere Strommengen ben\u00f6tigen. Seit Jahresbeginn 2009 werden Industriekunden in Frankfurt, Hamburg und Baden-Baden sowie Unternehmen mit bundesweiten Filialen mit Energie von der \u00dcWAG versorgt.<\/p>\n<p><strong>Positives Kunden-Feedback<br \/>\n<\/strong><br \/>\nBesonders freut sich der \u00dcWAG-Vorstand \u00fcber das positive Feedback der neuen Kunden zur Qualit\u00e4t der Stromversorgung durch das f\u00fchrende osthessische Energieversorgungsunternehmen: \u201eGerade unsere intensive und pers\u00f6nliche Beratung, zum Beispiel zur Energieeffizienz, loben die Sondervertragskunden als besonders wertvoll.\u201c Mit dem Privatkundenprodukt \u201eRh\u00f6nStrom\u201c hat die \u00dcWAG im Bundesgebiet ebenfalls bereits zahlreiche Kunden \u00fcberzeugen k\u00f6nnen: \u00dcber 500 Vertr\u00e4ge wurden bis zur Jahresmitte 2009 abgeschlossen.<\/p>\n<p>Auch auf der Handelsebene zwischen Energieversorgungsunternehmen hat die \u00dcWAG ihre Aktivit\u00e4ten ausgeweitet. \u201eWir standen vor dem Problem, dass wichtige und gro\u00dfe Kunden aus der Region von Kurzarbeit betroffen sind; andere Sondervertragskunden mussten sogar Insolvenz anmelden\u201c, berichtet \u00dcWAG-Vorstand G\u00fcnter Bury \u00fcber die Auswirkungen der Wirtschafts- und Finanzkrise, mit denen die \u00dcWAG seit dem dritten Quartal 2008 zunehmend zu k\u00e4mpfen hat. \u201eWir haben es durch unseren vermehrten Absatz au\u00dferhalb unseres Stammgebiets aber geschafft, in den ersten sechs Monaten des Jahres sogar mehr Strom abzusetzen als im ersten Halbjahr 2008.\u201c<\/p>\n<p><strong>Wettbewerbs-Instrument<\/strong><\/p>\n<p>Auch f\u00fcr das zweite Halbjahr 2009 zeigt sich \u00dcWAG-Vorstand G\u00fcnter Bury optimistisch: \u201eDie Steigerung unseres Energieabsatzes ist unser wichtigstes Instrument im immer sch\u00e4rfer werdenden Wettbewerb. Auch wenn die Erl\u00f6se durch den Wettbewerbsdruck insgesamt geringer werden, hilft uns die Ausweitung unseres Absatzmarktes, das Ergebnis der \u00dcWAG 2009 in die N\u00e4he von 2008 zu bringen. Davon profitieren unsere kommunalen Anteilseigner gerade in Zeiten, in denen das Geld auch f\u00fcr ihre \u00f6ffentlichen Aufgaben knapper wird.\u201c<\/p>\n<p>Verkaufte die \u00dcWAG im ersten Halbjahr 2008 rund 1,4 Milliarden Kilowattstunden, so hat das Unternehmen in den ersten sechs Monaten des Jahres 2009 bereits etwa 1,8 Milliarden Kilowattstunden Strom abgesetzt \u2013 ein Plus von fast 30 Prozent. Der Umsatz, den die \u00dcWAG mit dem Stromabsatz erzielt, soll bis zum Ende des Jahres 2009 entsprechend auf rund 380 Millionen Euro (2008: rund 299,5 Millionen Euro) brutto \u2013 das hei\u00dft, inklusive Stromsteuer, aber ohne Umsatzsteuer \u2013 steigen. Der Gewinn des Unternehmens wird aufgrund des st\u00e4rkeren Wettbewerbs und dem damit verbundenen Preisverfall auf den Energiem\u00e4rkten allerdings nicht wachsen.<\/p>\n","protected":false},"excerpt":{"rendered":"<div class=\"tmnf_excerpt\"><p>Fulda. W\u00e4hrend die Wirtschaftskrise bundesweit zu r\u00fcckl\u00e4ufigen Stromabs\u00e4tzen der Energieanbieter f\u00fchrt, hat die \u00dcWAG im ersten Halbjahr 2009 rund 30 Prozent mehr Strom verkauft als im Vergleichshalbjahr des Vorjahres. Auch der Umsatz steigerte sich in diesem Zeitraum in der entsprechenden Gr\u00f6\u00dfenordnung von rund 140 Millionen Euro auf rund 180 Millionen Euro brutto. Das f\u00fchrende osthessische &hellip;<\/p>\n<\/div>","protected":false},"author":1,"featured_media":0,"comment_status":"closed","ping_status":"closed","sticky":false,"template":"","format":"standard","meta":{"footnotes":""},"categories":[1,29],"tags":[],"class_list":["post-37220","post","type-post","status-publish","format-standard","hentry","category-startseite","category-politik"],"_links":{"self":[{"href":"https:\/\/www.fuldaernachrichten.de\/index.php?rest_route=\/wp\/v2\/posts\/37220","targetHints":{"allow":["GET"]}}],"collection":[{"href":"https:\/\/www.fuldaernachrichten.de\/index.php?rest_route=\/wp\/v2\/posts"}],"about":[{"href":"https:\/\/www.fuldaernachrichten.de\/index.php?rest_route=\/wp\/v2\/types\/post"}],"author":[{"embeddable":true,"href":"https:\/\/www.fuldaernachrichten.de\/index.php?rest_route=\/wp\/v2\/users\/1"}],"replies":[{"embeddable":true,"href":"https:\/\/www.fuldaernachrichten.de\/index.php?rest_route=%2Fwp%2Fv2%2Fcomments&post=37220"}],"version-history":[{"count":3,"href":"https:\/\/www.fuldaernachrichten.de\/index.php?rest_route=\/wp\/v2\/posts\/37220\/revisions"}],"predecessor-version":[{"id":37236,"href":"https:\/\/www.fuldaernachrichten.de\/index.php?rest_route=\/wp\/v2\/posts\/37220\/revisions\/37236"}],"wp:attachment":[{"href":"https:\/\/www.fuldaernachrichten.de\/index.php?rest_route=%2Fwp%2Fv2%2Fmedia&parent=37220"}],"wp:term":[{"taxonomy":"category","embeddable":true,"href":"https:\/\/www.fuldaernachrichten.de\/index.php?rest_route=%2Fwp%2Fv2%2Fcategories&post=37220"},{"taxonomy":"post_tag","embeddable":true,"href":"https:\/\/www.fuldaernachrichten.de\/index.php?rest_route=%2Fwp%2Fv2%2Ftags&post=37220"}],"curies":[{"name":"wp","href":"https:\/\/api.w.org\/{rel}","templated":true}]}}