{"id":37214,"date":"2009-08-27T06:20:36","date_gmt":"2009-08-27T04:20:36","guid":{"rendered":"http:\/\/www.schoene-nachrichten.de\/?p=37214"},"modified":"2009-08-27T08:42:33","modified_gmt":"2009-08-27T06:42:33","slug":"19-adac-limes-rallye-licher-michael-gerber-unterzieht-legendaeren-audi-der-feuertaufe","status":"publish","type":"post","link":"https:\/\/www.fuldaernachrichten.de\/?p=37214","title":{"rendered":"19. ADAC Limes Rallye: Licher Michael Gerber unterzieht legend\u00e4ren Audi der Feuertaufe"},"content":{"rendered":"<p><a href=\"http:\/\/www.schoene-nachrichten.de\/wp-content\/uploads\/2009\/08\/PK-u.-Fahrzeugprsentation-2.jpg\"><img decoding=\"async\" class=\"alignnone size-thumbnail wp-image-37215\" title=\"Presse ADAC Limes Rallye\" src=\"http:\/\/www.schoene-nachrichten.de\/wp-content\/uploads\/2009\/08\/PK-u.-Fahrzeugprsentation-2.jpg\" alt=\"Presse ADAC Limes Rallye\" hspace=\"5\" width=\"560\" srcset=\"https:\/\/www.fuldaernachrichten.de\/wp-content\/uploads\/2009\/08\/PK-u.-Fahrzeugprsentation-2.jpg 900w, https:\/\/www.fuldaernachrichten.de\/wp-content\/uploads\/2009\/08\/PK-u.-Fahrzeugprsentation-2-265x176.jpg 265w\" sizes=\"(max-width: 900px) 100vw, 900px\" \/><\/a><\/p>\n<p><strong>Fulda. <\/strong>Seine erste Karriere endete, bevor sie begonnen hatte. Der f\u00fcr Walter R\u00f6hrl anl\u00e4sslich der Rallye Akropolis 1986 gebaute Audi wurde nie eingesetzt, weil sich das Ingolst\u00e4dter Werksteam kurz zuvor aus der Weltmeisterschaft zur\u00fcckzog. 23 Jahre musste der ca. 600 PS starke\u00c2\u00a0 Allrad Bolide deswegen auf seine Jungfernfahrt warten. Am 29. August 2009 ist es endlich soweit. Im Rahmen der 19. ADAC Limes Rallye feiert der Audi Sport quattro S1, so die offizielle Bezeichnung, sein Comeback.<!--more--><\/p>\n<p><strong>Fans eine tolle Show bieten<\/strong><\/p>\n<p>Mit dem Licher Michael Gerber am Steuer startet der legend\u00e4re Audi bei der ADAC Limes Rallye rund um Hungen als so genanntes Vorausfahrzeug, also au\u00dferhalb der offiziellen Wertung vor dem eigentlichen Teilnehmerfeld. \u201eMir geht es vor allem darum, die frisch restaurierte Technik einer Feuertaufe zu unterziehen\u201c, sagt der fr\u00fchere Rallyeprofi. \u201eUnd nat\u00fcrlich darum, den Fans eine tolle Show zu bieten.\u201c Dass der 46-J\u00e4hrige, der eine auf automobile Themen spezialisierte Dienstleistungsagentur in Lich leitet, f\u00fcr die Premiere ausgerechnet die Limes-Rallye ausgesucht hat, kommt nicht von ungef\u00e4hr. \u201eBeim AMC Hungen habe ich meine Motorsportkarriere begonnen\u201c, erz\u00e4hlt der zweifache Deutsche Vizemeister. \u201eBis heute habe ich den Kontakt gehalten, wir haben schon in der Vergangenheit \u00e4hnliche Aktionen auf die Beine gestellt.\u201c<\/p>\n<p>So k\u00f6nnen sich die Besucher und Fans der Limes-Rallye nicht nur auf moderne Fahrzeuge freuen, die auf den sechs Wertungspr\u00fcfungen auf Bestzeitenjagd gehen, sondern mit dem ersten Einsatz von Walter R\u00f6hrls 1986er Werks-Audi einen beinahe schon historischen Motorsportmoment erleben.<\/p>\n<p><a href=\"http:\/\/www.schoene-nachrichten.de\/wp-content\/uploads\/2009\/08\/0005RT-Sportfotos.jpg\"><img decoding=\"async\" class=\"alignnone size-thumbnail wp-image-37216\" title=\"Presse ADAC Limes Rallye\" src=\"http:\/\/www.schoene-nachrichten.de\/wp-content\/uploads\/2009\/08\/0005RT-Sportfotos-265x176.jpg\" alt=\"Presse ADAC Limes Rallye\" width=\"265\" height=\"176\" srcset=\"https:\/\/www.fuldaernachrichten.de\/wp-content\/uploads\/2009\/08\/0005RT-Sportfotos-265x176.jpg 265w, https:\/\/www.fuldaernachrichten.de\/wp-content\/uploads\/2009\/08\/0005RT-Sportfotos.jpg 900w\" sizes=\"(max-width: 265px) 100vw, 265px\" \/><\/a> <a href=\"http:\/\/www.schoene-nachrichten.de\/wp-content\/uploads\/2009\/08\/5732RT-Sportfotos.jpg\"><img decoding=\"async\" class=\"alignnone size-thumbnail wp-image-37217\" title=\"Presse ADAC Limes Rallye\" src=\"http:\/\/www.schoene-nachrichten.de\/wp-content\/uploads\/2009\/08\/5732RT-Sportfotos-265x176.jpg\" alt=\"Presse ADAC Limes Rallye\" width=\"265\" height=\"176\" srcset=\"https:\/\/www.fuldaernachrichten.de\/wp-content\/uploads\/2009\/08\/5732RT-Sportfotos-265x176.jpg 265w, https:\/\/www.fuldaernachrichten.de\/wp-content\/uploads\/2009\/08\/5732RT-Sportfotos.jpg 900w\" sizes=\"(max-width: 265px) 100vw, 265px\" \/><\/a><\/p>\n<p><strong>Besonderen technischen Leckerbissen<\/strong><\/p>\n<p>Zumal der letzte von insgesamt nur 20 gebauten Audi Sport quattro S1 mit einem ganz besonderen technischen Leckerbissen aufzuwarten hat. Der Allradler ist mit einem Porsche-Doppel-Kupplungsgetriebe (PDK) ausger\u00fcstet, dem Vorl\u00e4ufer heute in Serienfahrzeugen weit verbreiteten Halbautomatiken. \u201eGeschaltet wird ohne das Kupplungspedal zu treten\u201c, beschreibt Michael Gerber. \u201eDer Gangwechsel wird lediglich durch ziehen und dr\u00fccken des Schalthebels vorgenommen.\u201c Diese 1986 revolution\u00e4re Technik spart bei jedem Schaltvorgang einige Sekundenbruchteile und h\u00e4lt au\u00dferdem den Turbomotor auf Drehzahlen. Nur so ist eine Beschleunigung von null auf 100 km\/h in 2,9! Sekunden m\u00f6glich. \u201eMan kann gar nicht so schnell den Schalthebel ziehen so wie das Auto beschleunigt\u201c, staunte Gerber nach der ersten Probefahrt.<\/p>\n<p>Das hochkomplizierte Getriebe bereitete bei der Restaurierung zwar kleinere Schwierigkeiten aber dank der Unterst\u00fctzung ehemaliger\u00c2\u00a0 Ingenieure hat man es wieder voll\u00c2\u00a0 funktionsf\u00e4hig bekommen.<\/p>\n<p>\u201eDas PDK und die brutale Motorleistung erfordern hohen k\u00f6rperlichen Einsatz. Au\u00dferdem darfst du nicht einen Moment unkonzentriert sein\u201c, gibt Gerber zu. Nicht umsonst bezeichnete sogar Doppel-Weltmeister Walter R\u00f6hrl die letzte Entwicklungsstufe des bei insgesamt 23 WM-Rallyes siegreichen Audi quattro als das am schwierigsten zu beherrschende Auto, das er je gefahren sei.<\/p>\n<p><strong>Zeitplan 19. ADAC Limes-Rallye<\/strong><br \/>\nSamstag, 29. August 2009<\/p>\n<p>ab 11.51 Uhr\u00c2\u00a0\u00c2\u00a0 \u00c2\u00a0\u00c2\u00a0\u00c2\u00a0 \u00c2\u00a0Start Fahrzeuge Historic Rallye Cup (Gleichm\u00e4\u00dfigkeitsrallye)<br \/>\nab 13.01 Uhr\u00c2\u00a0\u00c2\u00a0 \u00c2\u00a0\u00c2\u00a0\u00c2\u00a0 \u00c2\u00a0Start Fahrzeuge 19. ADAC Limes Rallye (Bestzeitrallye)<br \/>\nab 16.30 Uhr\u00c2\u00a0\u00c2\u00a0 \u00c2\u00a0\u00c2\u00a0\u00c2\u00a0 \u00c2\u00a0Zielankunft<\/p>\n<p>jeweils Rallyezentrum Mehrzweckhalle Hungen-Inheiden<\/p>\n<p>Ausf\u00fchrliche Informationen im Internet unter <a href=\"http:\/\/www.amc-hungen.de\" target=\"_blank\">www.amc-hungen.de<\/a>.<\/p>\n","protected":false},"excerpt":{"rendered":"<div class=\"tmnf_excerpt\"><p>Fulda. Seine erste Karriere endete, bevor sie begonnen hatte. Der f\u00fcr Walter R\u00f6hrl anl\u00e4sslich der Rallye Akropolis 1986 gebaute Audi wurde nie eingesetzt, weil sich das Ingolst\u00e4dter Werksteam kurz zuvor aus der Weltmeisterschaft zur\u00fcckzog. 23 Jahre musste der ca. 600 PS starke\u00c2\u00a0 Allrad Bolide deswegen auf seine Jungfernfahrt warten. Am 29. August 2009 ist es &hellip;<\/p>\n<\/div>","protected":false},"author":1,"featured_media":0,"comment_status":"closed","ping_status":"closed","sticky":false,"template":"","format":"standard","meta":{"footnotes":""},"categories":[1,35,29,78],"tags":[],"class_list":["post-37214","post","type-post","status-publish","format-standard","hentry","category-startseite","category-auto","category-politik","category-topthema"],"_links":{"self":[{"href":"https:\/\/www.fuldaernachrichten.de\/index.php?rest_route=\/wp\/v2\/posts\/37214","targetHints":{"allow":["GET"]}}],"collection":[{"href":"https:\/\/www.fuldaernachrichten.de\/index.php?rest_route=\/wp\/v2\/posts"}],"about":[{"href":"https:\/\/www.fuldaernachrichten.de\/index.php?rest_route=\/wp\/v2\/types\/post"}],"author":[{"embeddable":true,"href":"https:\/\/www.fuldaernachrichten.de\/index.php?rest_route=\/wp\/v2\/users\/1"}],"replies":[{"embeddable":true,"href":"https:\/\/www.fuldaernachrichten.de\/index.php?rest_route=%2Fwp%2Fv2%2Fcomments&post=37214"}],"version-history":[{"count":4,"href":"https:\/\/www.fuldaernachrichten.de\/index.php?rest_route=\/wp\/v2\/posts\/37214\/revisions"}],"predecessor-version":[{"id":37248,"href":"https:\/\/www.fuldaernachrichten.de\/index.php?rest_route=\/wp\/v2\/posts\/37214\/revisions\/37248"}],"wp:attachment":[{"href":"https:\/\/www.fuldaernachrichten.de\/index.php?rest_route=%2Fwp%2Fv2%2Fmedia&parent=37214"}],"wp:term":[{"taxonomy":"category","embeddable":true,"href":"https:\/\/www.fuldaernachrichten.de\/index.php?rest_route=%2Fwp%2Fv2%2Fcategories&post=37214"},{"taxonomy":"post_tag","embeddable":true,"href":"https:\/\/www.fuldaernachrichten.de\/index.php?rest_route=%2Fwp%2Fv2%2Ftags&post=37214"}],"curies":[{"name":"wp","href":"https:\/\/api.w.org\/{rel}","templated":true}]}}