{"id":37201,"date":"2009-08-27T06:45:31","date_gmt":"2009-08-27T04:45:31","guid":{"rendered":"http:\/\/www.schoene-nachrichten.de\/?p=37201"},"modified":"2009-08-27T08:34:47","modified_gmt":"2009-08-27T06:34:47","slug":"auftragsvergabe-fuer-die-sanierung-der-ehemaligen-bgs-sporthalle","status":"publish","type":"post","link":"https:\/\/www.fuldaernachrichten.de\/?p=37201","title":{"rendered":"Auftragsvergabe f\u00fcr die Sanierung der ehemaligen BGS-Sporthalle"},"content":{"rendered":"<p><strong>Fulda (cp).<\/strong> Im Rahmen des Sonderinvestitionsprogramms des Landes Hessen wird die ehemalige BGS-Sporthalle saniert. Neben der Geb\u00e4udeh\u00fclle und dem Halleninnenraum wird auch die Heizungs- und L\u00fcftungstechnik erneuert. Im Zuge dessen stimmte der Magistrat der Stadt Fulda nun der Auftragsvergabe f\u00fcr die Ingenieurleistungen zur Sanierung der Heizungs- und L\u00fcftungsanlage in H\u00f6he von 49.500\u00e2\u201a\u00ac zu. \u201eBei der Sanierung setzen wir besonders auf energiesparende Ma\u00dfnahmen, da diese in der heutigen Zeit immer wichtiger werden\u201c, betonte Oberb\u00fcrgermeister Gerhard M\u00f6ller.<!--more--><br \/>\n<strong><\/strong><\/p>\n<p><strong>Die L\u00fcftungsanlagen<\/strong><\/p>\n<p>Die gesamte Halle wird momentan mit einer separaten L\u00fcftungs-Luftheizungsanlage betrieben. Auch die Nebenr\u00e4ume werden \u00fcber eine separate L\u00fcftungsanlage be- und entl\u00fcftet. Diese beiden Anlagen sind mittlerweile 34 Jahre alt und besitzen keine W\u00e4rmer\u00fcckgewinnung. Insgesamt ist der energetische Zustand des Geb\u00e4udes und der technischen Anlagen schlecht, so dass dieser auf den Stand der Anforderungen der Energieeinsparverordnung (EnEV) verbessert wird. Deshalb wird die L\u00fcftungsanlage nun erneuert und auf die Gesamtsituation des Geb\u00e4udes angepasst. Durch die Sanierung k\u00f6nnen die Luftmengen erheblich verringert werden, weil die Beheizung der Halle in Zukunft \u00fcber eine Deckenstrahlungsheizung erfolgen soll. Diese wird unter der bereits vorhandenen Hallendecke angebracht. Die neue Technik in dem L\u00fcftungszentralger\u00e4t bewirkt, dass sich der Strombedarf der Antriebsmotoren erheblich verringern wird. Die L\u00fcftungsger\u00e4te erhalten alle notwendigen Regelkomponenten f\u00fcr eine bedarfsgerechte Nutzung sowie die erforderlichen W\u00e4rmer\u00fcckgewinnungsanlagen.<\/p>\n<p><strong>Die Heizung<\/strong><\/p>\n<p>Die Heizkesselanlage sowie die Heizkreisverteil- und Regelanlage wurden im Jahr 2001 saniert und sind in Ordnung. Die W\u00e4rmegrundlastdeckung soll in Zukunft \u00fcber eine gasbetriebene BHKW-Anlage mit abgedeckt werden. Die Heizungsleitungen und<\/p>\n<p>Heizfl\u00e4chen in den Nebenr\u00e4umen werden auf die Erfordernisse hin gepr\u00fcft und teilweise ausgetauscht.<\/p>\n","protected":false},"excerpt":{"rendered":"<div class=\"tmnf_excerpt\"><p>Fulda (cp). Im Rahmen des Sonderinvestitionsprogramms des Landes Hessen wird die ehemalige BGS-Sporthalle saniert. Neben der Geb\u00e4udeh\u00fclle und dem Halleninnenraum wird auch die Heizungs- und L\u00fcftungstechnik erneuert. Im Zuge dessen stimmte der Magistrat der Stadt Fulda nun der Auftragsvergabe f\u00fcr die Ingenieurleistungen zur Sanierung der Heizungs- und L\u00fcftungsanlage in H\u00f6he von 49.500\u00e2\u201a\u00ac zu. \u201eBei der &hellip;<\/p>\n<\/div>","protected":false},"author":1,"featured_media":0,"comment_status":"closed","ping_status":"closed","sticky":false,"template":"","format":"standard","meta":{"footnotes":""},"categories":[1,29,46],"tags":[],"class_list":["post-37201","post","type-post","status-publish","format-standard","hentry","category-startseite","category-politik","category-sport"],"_links":{"self":[{"href":"https:\/\/www.fuldaernachrichten.de\/index.php?rest_route=\/wp\/v2\/posts\/37201","targetHints":{"allow":["GET"]}}],"collection":[{"href":"https:\/\/www.fuldaernachrichten.de\/index.php?rest_route=\/wp\/v2\/posts"}],"about":[{"href":"https:\/\/www.fuldaernachrichten.de\/index.php?rest_route=\/wp\/v2\/types\/post"}],"author":[{"embeddable":true,"href":"https:\/\/www.fuldaernachrichten.de\/index.php?rest_route=\/wp\/v2\/users\/1"}],"replies":[{"embeddable":true,"href":"https:\/\/www.fuldaernachrichten.de\/index.php?rest_route=%2Fwp%2Fv2%2Fcomments&post=37201"}],"version-history":[{"count":5,"href":"https:\/\/www.fuldaernachrichten.de\/index.php?rest_route=\/wp\/v2\/posts\/37201\/revisions"}],"predecessor-version":[{"id":37238,"href":"https:\/\/www.fuldaernachrichten.de\/index.php?rest_route=\/wp\/v2\/posts\/37201\/revisions\/37238"}],"wp:attachment":[{"href":"https:\/\/www.fuldaernachrichten.de\/index.php?rest_route=%2Fwp%2Fv2%2Fmedia&parent=37201"}],"wp:term":[{"taxonomy":"category","embeddable":true,"href":"https:\/\/www.fuldaernachrichten.de\/index.php?rest_route=%2Fwp%2Fv2%2Fcategories&post=37201"},{"taxonomy":"post_tag","embeddable":true,"href":"https:\/\/www.fuldaernachrichten.de\/index.php?rest_route=%2Fwp%2Fv2%2Ftags&post=37201"}],"curies":[{"name":"wp","href":"https:\/\/api.w.org\/{rel}","templated":true}]}}