{"id":37191,"date":"2009-08-28T08:07:28","date_gmt":"2009-08-28T06:07:28","guid":{"rendered":"http:\/\/www.schoene-nachrichten.de\/?p=37191"},"modified":"2009-08-30T08:07:38","modified_gmt":"2009-08-30T06:07:38","slug":"vorwerk-familienstudie-2009-alarmiert-gesellschaftliche-wertschaetzung-fuer-familienarbeit-geht-zurueck","status":"publish","type":"post","link":"https:\/\/www.fuldaernachrichten.de\/?p=37191","title":{"rendered":"\u201eVorwerk Familienstudie 2009\u201c alarmiert: Gesellschaftliche Wertsch\u00e4tzung f\u00fcr Familienarbeit geht zur\u00fcck"},"content":{"rendered":"<p><strong>Fulda. <\/strong>Der Familienbund der Katholiken zeigt sich angesichts der sinkenden gesellschaftlichen Wertsch\u00e4tzung f\u00fcr Familienarbeit beunruhigt. \u201eWenn die gef\u00fchlte Anerkennung f\u00fcr Sorge- und Haushaltst\u00e4tigkeiten erstmals seit Jahren wieder sinkt, wird klar, dass wir von der so oft behaupteten positiven Trendwende f\u00fcr Familien in Deutschland noch weit entfernt sind\u201c, sagte Hubert Schulte, Landesvorsitzender des Familienbundes der Katholiken, heute in Fulda. Eine im Auftrag von Vorwerk durchgef\u00fchrte repr\u00e4sentative Allensbach-Umfrage ergibt, dass 67 Prozent der Bev\u00f6lkerung nicht den Eindruck haben, dass Familienarbeit ausreichend anerkannt wird. Im Vorjahr lag der Wert noch bei 62 Prozent.<!--more--><\/p>\n<p>Einer der wichtigsten Gr\u00fcnde f\u00fcr das Anerkennungsdefizit ist laut Studie die unzureichende wirtschaftliche Absicherung f\u00fcr Familien. Mit 54 Prozent steht der Wunsch nach besserer finanzieller Unterst\u00fctzung f\u00fcr Eltern ganz oben auf der Priorit\u00e4tenliste. \u201eDies zeigt, dass wir in Deutschland endlich einen gerechten Familienlastenausgleich brauchen. Notwendig sind ein Kindergeld in H\u00f6he von 300 Euro monatlich sowie ein einheitlicher Steuerfreibetrag f\u00fcr Erwachsene und Kinder in H\u00f6he von 8.000 Euro pro Jahr\u201c, so Schulte.<\/p>\n<p>Um deutlich zu machen, was Familien wirklich wollen, l\u00e4sst der Familienbund alle W\u00e4hlerinnen und W\u00e4hler unter der Internetadresse <a href=\"http:\/\/www.mehrkinderwagen.de\">www.mehrkinderwagen.de<\/a> bis zur Bundestagswahl \u00fcber seine wichtigsten Forderungen abstimmen. Der Appell lautet: Staat frei f\u00fcr eine Politik, die Familien Zukunft sichert. Das Ergebnis der Abstimmung wird der Familienbund nach der Wahl der neuen Bundesregierung als Handlungsempfehlung \u00fcberreichen.<\/p>\n","protected":false},"excerpt":{"rendered":"<div class=\"tmnf_excerpt\"><p>Fulda. Der Familienbund der Katholiken zeigt sich angesichts der sinkenden gesellschaftlichen Wertsch\u00e4tzung f\u00fcr Familienarbeit beunruhigt. \u201eWenn die gef\u00fchlte Anerkennung f\u00fcr Sorge- und Haushaltst\u00e4tigkeiten erstmals seit Jahren wieder sinkt, wird klar, dass wir von der so oft behaupteten positiven Trendwende f\u00fcr Familien in Deutschland noch weit entfernt sind\u201c, sagte Hubert Schulte, Landesvorsitzender des Familienbundes der Katholiken, &hellip;<\/p>\n<\/div>","protected":false},"author":1,"featured_media":0,"comment_status":"closed","ping_status":"closed","sticky":false,"template":"","format":"standard","meta":{"footnotes":""},"categories":[1,50],"tags":[],"class_list":["post-37191","post","type-post","status-publish","format-standard","hentry","category-startseite","category-kirche"],"_links":{"self":[{"href":"https:\/\/www.fuldaernachrichten.de\/index.php?rest_route=\/wp\/v2\/posts\/37191","targetHints":{"allow":["GET"]}}],"collection":[{"href":"https:\/\/www.fuldaernachrichten.de\/index.php?rest_route=\/wp\/v2\/posts"}],"about":[{"href":"https:\/\/www.fuldaernachrichten.de\/index.php?rest_route=\/wp\/v2\/types\/post"}],"author":[{"embeddable":true,"href":"https:\/\/www.fuldaernachrichten.de\/index.php?rest_route=\/wp\/v2\/users\/1"}],"replies":[{"embeddable":true,"href":"https:\/\/www.fuldaernachrichten.de\/index.php?rest_route=%2Fwp%2Fv2%2Fcomments&post=37191"}],"version-history":[{"count":3,"href":"https:\/\/www.fuldaernachrichten.de\/index.php?rest_route=\/wp\/v2\/posts\/37191\/revisions"}],"predecessor-version":[{"id":37450,"href":"https:\/\/www.fuldaernachrichten.de\/index.php?rest_route=\/wp\/v2\/posts\/37191\/revisions\/37450"}],"wp:attachment":[{"href":"https:\/\/www.fuldaernachrichten.de\/index.php?rest_route=%2Fwp%2Fv2%2Fmedia&parent=37191"}],"wp:term":[{"taxonomy":"category","embeddable":true,"href":"https:\/\/www.fuldaernachrichten.de\/index.php?rest_route=%2Fwp%2Fv2%2Fcategories&post=37191"},{"taxonomy":"post_tag","embeddable":true,"href":"https:\/\/www.fuldaernachrichten.de\/index.php?rest_route=%2Fwp%2Fv2%2Ftags&post=37191"}],"curies":[{"name":"wp","href":"https:\/\/api.w.org\/{rel}","templated":true}]}}