{"id":37161,"date":"2009-08-28T08:01:45","date_gmt":"2009-08-28T06:01:45","guid":{"rendered":"http:\/\/www.schoene-nachrichten.de\/?p=37161"},"modified":"2009-08-30T08:02:05","modified_gmt":"2009-08-30T06:02:05","slug":"kein-laermschutz-aus-konjunkturprogramm","status":"publish","type":"post","link":"https:\/\/www.fuldaernachrichten.de\/?p=37161","title":{"rendered":"Kein L\u00e4rmschutz aus Konjunkturprogramm"},"content":{"rendered":"<p><strong>H\u00fcnfeld.<\/strong> Aus Mitteln des Konjunkturf\u00f6rderprogramms II werden entlang der Bahnlinie und den \u00fcber\u00f6rtlichen Landes- und Bundesstra\u00dfen im H\u00fcnfelder Stadtgebiet keine L\u00e4rmschutzma\u00dfnahmen finanziert. Diese Mitteilung hat die Stadt H\u00fcnfeld nach Angaben von B\u00fcrgermeister Dr. Eberhard Fennel aus dem Bundesverkehrsministerium und dem Hessischen Landesamt f\u00fcr Stra\u00dfen- und Verkehrswesen erhalten.<!--more--><\/p>\n<p>Der B\u00fcrgermeister hatte sich sowohl an das Bundesverkehrsministerium wegen L\u00e4rmbelastungen durch die Eisenbahn in H\u00fcnfeld als auch an das Hessische Landesamt f\u00fcr Stra\u00dfen- und Verkehrswesen mit der Forderung gewandt, durch L\u00e4rmschutzma\u00dfnahmen entlang der Bahnlinie in N\u00fcst und in der H\u00fcnfelder Kernstadt sowie entlang der Bundesstra\u00dfe 27 im Stadtteil R\u00fcckers, der Landesstra\u00dfe 3176 in der Ortslage in N\u00fcst und im Baugebiet Am Hofberg L\u00e4rmschutzma\u00dfnahmen zu erreichen. Das Bundesverkehrsministerium teilte der Stadt H\u00fcnfeld mit, dass bundesweit bis n\u00e4chstes Jahr 40 Pilotprojekte vorgesehen seien, und H\u00fcnfeld nicht ber\u00fccksichtigt werden k\u00f6nne, zumal dort bereits umfangreiche Ma\u00dfnahmen realisiert worden seien. Diese Ma\u00dfnahmen waren allerdings durch die Stadt H\u00fcnfeld selbst getroffen worden. Die DB-Netz AG hatte seinerzeit die Realisierung solcher Ma\u00dfnahmen aus Gr\u00fcnden der \u201emangelnden Wirtschaftlichkeit und Effektivit\u00e4t sowie der topographisch ung\u00fcnstigen Lage\u201c abgelehnt. Es wurden seinerzeit lediglich Zusch\u00fcsse f\u00fcr private Haus- und Grundst\u00fcckseigent\u00fcmer f\u00fcr passive L\u00e4rmschutzma\u00dfnahmen beispielsweise durch den Einbau L\u00e4rm mindernder Fenster gew\u00e4hrt.<\/p>\n<p>Auch das Hessische Landesamt f\u00fcr Stra\u00dfen- und Verkehrswesen hat mitgeteilt, dass f\u00fcr die Landesstra\u00dfe 3176 zwischen N\u00fcst und H\u00fcnfeld, die B 27 bei R\u00fcckers und die Autobahn A 7 zwischen Oberrombach und Michelsrombach keine L\u00e4rmschutzma\u00dfnahmen im Rahmen des Konjunkturprogramms in Betracht kommen. Das Landesamt zieht sich nach Angaben des B\u00fcrgermeisters darauf zur\u00fcck, dass es keine wirtschaftlich vertretbare M\u00f6glichkeit f\u00fcr aktive L\u00e4rmschutzma\u00dfnahmen in diesen Bereichen nachweisen k\u00f6nne. Lediglich f\u00fcr den Bereich R\u00fcckers und die Bundesstra\u00dfe 27 k\u00f6nnten nach den einschl\u00e4gigen Richtlinien besonders betroffene Haus- und Grundst\u00fcckseigent\u00fcmer private L\u00e4rmschutzma\u00dfnahmen bezuschusst bekommen. Diese privaten Haus- und Grundst\u00fcckseigent\u00fcmer m\u00fcssten sich dazu mit dem Amt f\u00fcr Stra\u00dfen- und Verkehrswesen in Fulda in Verbindung setzen.<\/p>\n<p>Hintergrund ist nach Angaben von B\u00fcrgermeister Dr. Fennel, dass der Bund die einschl\u00e4gigen Grenzwerte bereits in der vergangenen Legislaturperiode bereits nach oben gesetzt hatte, um sich der Pflicht f\u00fcr passive L\u00e4rmschutzma\u00dfnahmen zu entziehen. Er bedauere, dass damit auch die rechtliche Verpflichtung und Grundlage f\u00fcr die Aufnahme solcher Ma\u00dfnahmen in das Konjunkturprogramm II entfallen sei, k\u00fcndigte aber an, dass wie in den zur\u00fcckliegenden Jahren die Stadt alle Chancen nutzen werde, in wirtschaftlich vertretbarem Umfang L\u00e4rmschutzma\u00dfnahmen zum Schutz der Wohnbev\u00f6lkerung durchzuf\u00fchren, wie dies bereits durch das Aufsch\u00fctten der W\u00e4lle entlang der Bahnstrecke in H\u00fcnfeld geschehen sei.<\/p>\n","protected":false},"excerpt":{"rendered":"<div class=\"tmnf_excerpt\"><p>H\u00fcnfeld. Aus Mitteln des Konjunkturf\u00f6rderprogramms II werden entlang der Bahnlinie und den \u00fcber\u00f6rtlichen Landes- und Bundesstra\u00dfen im H\u00fcnfelder Stadtgebiet keine L\u00e4rmschutzma\u00dfnahmen finanziert. Diese Mitteilung hat die Stadt H\u00fcnfeld nach Angaben von B\u00fcrgermeister Dr. Eberhard Fennel aus dem Bundesverkehrsministerium und dem Hessischen Landesamt f\u00fcr Stra\u00dfen- und Verkehrswesen erhalten.<\/p>\n<\/div>","protected":false},"author":1,"featured_media":0,"comment_status":"closed","ping_status":"closed","sticky":false,"template":"","format":"standard","meta":{"footnotes":""},"categories":[1,29],"tags":[],"class_list":["post-37161","post","type-post","status-publish","format-standard","hentry","category-startseite","category-politik"],"_links":{"self":[{"href":"https:\/\/www.fuldaernachrichten.de\/index.php?rest_route=\/wp\/v2\/posts\/37161","targetHints":{"allow":["GET"]}}],"collection":[{"href":"https:\/\/www.fuldaernachrichten.de\/index.php?rest_route=\/wp\/v2\/posts"}],"about":[{"href":"https:\/\/www.fuldaernachrichten.de\/index.php?rest_route=\/wp\/v2\/types\/post"}],"author":[{"embeddable":true,"href":"https:\/\/www.fuldaernachrichten.de\/index.php?rest_route=\/wp\/v2\/users\/1"}],"replies":[{"embeddable":true,"href":"https:\/\/www.fuldaernachrichten.de\/index.php?rest_route=%2Fwp%2Fv2%2Fcomments&post=37161"}],"version-history":[{"count":2,"href":"https:\/\/www.fuldaernachrichten.de\/index.php?rest_route=\/wp\/v2\/posts\/37161\/revisions"}],"predecessor-version":[{"id":37443,"href":"https:\/\/www.fuldaernachrichten.de\/index.php?rest_route=\/wp\/v2\/posts\/37161\/revisions\/37443"}],"wp:attachment":[{"href":"https:\/\/www.fuldaernachrichten.de\/index.php?rest_route=%2Fwp%2Fv2%2Fmedia&parent=37161"}],"wp:term":[{"taxonomy":"category","embeddable":true,"href":"https:\/\/www.fuldaernachrichten.de\/index.php?rest_route=%2Fwp%2Fv2%2Fcategories&post=37161"},{"taxonomy":"post_tag","embeddable":true,"href":"https:\/\/www.fuldaernachrichten.de\/index.php?rest_route=%2Fwp%2Fv2%2Ftags&post=37161"}],"curies":[{"name":"wp","href":"https:\/\/api.w.org\/{rel}","templated":true}]}}