{"id":37158,"date":"2009-08-29T06:10:02","date_gmt":"2009-08-29T04:10:02","guid":{"rendered":"http:\/\/www.schoene-nachrichten.de\/?p=37158"},"modified":"2009-08-28T22:07:35","modified_gmt":"2009-08-28T20:07:35","slug":"rund-um-das-thema-ausbildung-arbeitsagentur-informiert-am-berufemarkt-in-obersuhl","status":"publish","type":"post","link":"https:\/\/www.fuldaernachrichten.de\/?p=37158","title":{"rendered":"Rund um das Thema Ausbildung: Arbeitsagentur informiert am Berufemarkt in Obersuhl"},"content":{"rendered":"<p><a href=\"http:\/\/www.schoene-nachrichten.de\/wp-content\/uploads\/2009\/08\/090826_agenturfuerarbeit.jpg\"><img decoding=\"async\" class=\"alignnone size-medium wp-image-37159\" title=\"090826_agenturfuerarbeit\" src=\"http:\/\/www.schoene-nachrichten.de\/wp-content\/uploads\/2009\/08\/090826_agenturfuerarbeit-265x141.jpg\" alt=\"090826_agenturfuerarbeit\" hspace=\"5\" width=\"265\" height=\"141\" align=\"left\" srcset=\"https:\/\/www.fuldaernachrichten.de\/wp-content\/uploads\/2009\/08\/090826_agenturfuerarbeit-265x141.jpg 265w, https:\/\/www.fuldaernachrichten.de\/wp-content\/uploads\/2009\/08\/090826_agenturfuerarbeit.jpg 600w\" sizes=\"(max-width: 265px) 100vw, 265px\" \/><\/a><strong>Bad Hersfeld. <\/strong>Rund um das Thema Ausbildung informiert die Arbeitsagentur Bad Hersfeld am 5. September von 10 &#8211; 15 Uhr beim \u00fcberregionalen Berufemarkt in der Blumensteinschule in Obersuhl. Die Berufsberater Claudia Joppich-Wolf und Andreas Siersleben informieren gemeinsam mit Arbeitsvermittlerin Ingeborg G\u00f6bel-Wicke \u00fcber verschiedene Berufsbilder, geben Tipps zur Ausbildungsstellensuche und stehen bei Fragen f\u00fcr Gespr\u00e4che zur Verf\u00fcgung. Weiterhin gibt es am Stand der Agentur f\u00fcr Arbeit Infos zur Datenbank BERUFENET und aktuell gemeldeten Ausbildungsstellen, die noch nicht besetzt sind. Der Berufemarkt wird j\u00e4hrlich von der Blumensteinschule veranstaltet und stellt eine Informations- und Pr\u00e4sentationsplattform f\u00fcr Ausbildung dar. Es beteiligen sich auch in diesem Jahr \u00fcber 30 Aussteller, die verschiedene Berufsbilder vorstellen. Der Berufemarkt ist offen f\u00fcr alle Jugendlichen der Region. Die Blumensteinschule bietet damit die Gelegenheit, Unternehmen kennenzulernen. Wer ein pers\u00f6nliches Beratungsgespr\u00e4ch in der Arbeitsagentur vorzieht, kann unter Tel.: 01801-555111* einen Termin vereinbaren.<\/p>\n<p>* Festnetzpreis 3,9 ct\/min; Mobilfunkpreise abweichend<\/p>\n","protected":false},"excerpt":{"rendered":"<div class=\"tmnf_excerpt\"><p>Bad Hersfeld. Rund um das Thema Ausbildung informiert die Arbeitsagentur Bad Hersfeld am 5. September von 10 &#8211; 15 Uhr beim \u00fcberregionalen Berufemarkt in der Blumensteinschule in Obersuhl. Die Berufsberater Claudia Joppich-Wolf und Andreas Siersleben informieren gemeinsam mit Arbeitsvermittlerin Ingeborg G\u00f6bel-Wicke \u00fcber verschiedene Berufsbilder, geben Tipps zur Ausbildungsstellensuche und stehen bei Fragen f\u00fcr Gespr\u00e4che zur &hellip;<\/p>\n<\/div>","protected":false},"author":1,"featured_media":0,"comment_status":"closed","ping_status":"closed","sticky":false,"template":"","format":"standard","meta":{"footnotes":""},"categories":[1,53],"tags":[],"class_list":["post-37158","post","type-post","status-publish","format-standard","hentry","category-startseite","category-bildung"],"_links":{"self":[{"href":"https:\/\/www.fuldaernachrichten.de\/index.php?rest_route=\/wp\/v2\/posts\/37158","targetHints":{"allow":["GET"]}}],"collection":[{"href":"https:\/\/www.fuldaernachrichten.de\/index.php?rest_route=\/wp\/v2\/posts"}],"about":[{"href":"https:\/\/www.fuldaernachrichten.de\/index.php?rest_route=\/wp\/v2\/types\/post"}],"author":[{"embeddable":true,"href":"https:\/\/www.fuldaernachrichten.de\/index.php?rest_route=\/wp\/v2\/users\/1"}],"replies":[{"embeddable":true,"href":"https:\/\/www.fuldaernachrichten.de\/index.php?rest_route=%2Fwp%2Fv2%2Fcomments&post=37158"}],"version-history":[{"count":2,"href":"https:\/\/www.fuldaernachrichten.de\/index.php?rest_route=\/wp\/v2\/posts\/37158\/revisions"}],"predecessor-version":[{"id":37382,"href":"https:\/\/www.fuldaernachrichten.de\/index.php?rest_route=\/wp\/v2\/posts\/37158\/revisions\/37382"}],"wp:attachment":[{"href":"https:\/\/www.fuldaernachrichten.de\/index.php?rest_route=%2Fwp%2Fv2%2Fmedia&parent=37158"}],"wp:term":[{"taxonomy":"category","embeddable":true,"href":"https:\/\/www.fuldaernachrichten.de\/index.php?rest_route=%2Fwp%2Fv2%2Fcategories&post=37158"},{"taxonomy":"post_tag","embeddable":true,"href":"https:\/\/www.fuldaernachrichten.de\/index.php?rest_route=%2Fwp%2Fv2%2Ftags&post=37158"}],"curies":[{"name":"wp","href":"https:\/\/api.w.org\/{rel}","templated":true}]}}