{"id":3711,"date":"2007-06-18T02:28:03","date_gmt":"2007-06-18T00:28:03","guid":{"rendered":"http:\/\/www.schoene-nachrichten.de\/?p=3711"},"modified":"2007-06-18T02:46:27","modified_gmt":"2007-06-18T00:46:27","slug":"young-highlander-starten-in-die-neue-saison","status":"publish","type":"post","link":"https:\/\/www.fuldaernachrichten.de\/?p=3711","title":{"rendered":"Young Highlander starten in die neue Saison"},"content":{"rendered":"<p><strong>Sch\u00f6nes vom VERC.<\/strong> Trotz sommerlicher Temperaturen beginnt f\u00fcr den Eishockey \u2013 Nachwuchs des VERC Lauterbach die Saisonvorbereitung. Den Auftakt werden die Mini-Highlander\u00c2\u00a0 mit dem Trainergespann Jens Grunewald und Sven Naumann machen. Der Trainingsauftakt der Mini-Highlander ist am 19.06.07 um 17.15 Uhr an der Eishalle in Lauterbach.<\/p>\n<p><!--more-->Am 20.06.07\u00c2\u00a0 steigen dann die Kleinsch\u00fcler und Knaben mit ihrem neuen Coach Holger Selenka in die Vorbereitung ein. Das Training beginnt um 17.00 Uhr an der Eissporthalle. Weitere Einzelheiten geben die Trainer \u201e vor Ort \u201e bekannt. Neueinsteiger sind zu diesen Training recht herzlich willkommen.<\/p>\n<p>Die Eissaison in Lauterbach beginnt f\u00fcr die Young Highlander im Oktober, bis dahin gilt f\u00fcr die Nachwuchscracks schwitzen und die Grundlagen f\u00fcr eine harte Saison erarbeiten. Um die Eisfreie Zeit zu verk\u00fcrzen, planen die Trainer noch einige Eiszeiten auf \u201efremdem\u201e Eis ein. &#8220;Vielleicht k\u00f6nnen wir schon irgendwo im September ein Trainingsspiel machen&#8221;, so der Nachwuchscoach Holger Selenka.<\/p>\n<p>Gemeinsam mit den BetreuerInnen planen die Trainer auch f\u00fcr die neue Saison den einen oder anderen Event, so wird es in der Lauterbacher Eishalle wieder das ein oder andere hochkar\u00e4tige Turnier im Nachwuchsbereich geben.\u00c2\u00a0 F\u00fcr Holger Selenka und seine Trainerkollegen stehen die Ausbildung und der Spa\u00df am Eishockey an erster Stelle. &#8220;Wir wollen dass die Kinder mit Spa\u00df und Leidenschaft Eishockey spielen&#8221;, so Sven Naumann. &#8220;Lauterbach ist eine Eissportstadt und dieser Aufgaben wollen wir gerecht werden&#8221;, sagt die Trainercrew.<\/p>\n<p>Aktiv sind auch die Eiskunstl\u00e4ufer von Trainerin Marianne Streifler im Trainingsgesch\u00e4ft. Statt auf Kufen wird flei\u00dfig auf Rollen trainiert. Die Verantwortlichen des VERC setzen auch weiter auf die Karte Nachwuchs, so w\u00fcnschen sich Eishockeyabteilungsleiter Bernd Grunewald und die Abteilungsleiterin im Eiskunstlauf Ilona H\u00f6hl auch in diesen Jahr so einen regen Zulauf an Kindern die ihre Leidenschaft zum Eissport finden. &#8220;An den Zug\u00e4ngen der letzten Saison, sehen wir dass die Nachwuchsarbeit\u00c2\u00a0 beim VERC\u00c2\u00a0 auf den richtigen Weg ist und dass der VERC eine gute Adresse \u00fcber die Grenzen von Lauterbach hinaus ist&#8221;, so die beiden Abteilungsleiter.<\/p>\n","protected":false},"excerpt":{"rendered":"<div class=\"tmnf_excerpt\"><p>Sch\u00f6nes vom VERC. Trotz sommerlicher Temperaturen beginnt f\u00fcr den Eishockey \u2013 Nachwuchs des VERC Lauterbach die Saisonvorbereitung. Den Auftakt werden die Mini-Highlander\u00c2\u00a0 mit dem Trainergespann Jens Grunewald und Sven Naumann machen. Der Trainingsauftakt der Mini-Highlander ist am 19.06.07 um 17.15 Uhr an der Eishalle in Lauterbach.<\/p>\n<\/div>","protected":false},"author":1,"featured_media":0,"comment_status":"closed","ping_status":"closed","sticky":false,"template":"","format":"standard","meta":{"footnotes":""},"categories":[1,46],"tags":[],"class_list":["post-3711","post","type-post","status-publish","format-standard","hentry","category-startseite","category-sport"],"_links":{"self":[{"href":"https:\/\/www.fuldaernachrichten.de\/index.php?rest_route=\/wp\/v2\/posts\/3711","targetHints":{"allow":["GET"]}}],"collection":[{"href":"https:\/\/www.fuldaernachrichten.de\/index.php?rest_route=\/wp\/v2\/posts"}],"about":[{"href":"https:\/\/www.fuldaernachrichten.de\/index.php?rest_route=\/wp\/v2\/types\/post"}],"author":[{"embeddable":true,"href":"https:\/\/www.fuldaernachrichten.de\/index.php?rest_route=\/wp\/v2\/users\/1"}],"replies":[{"embeddable":true,"href":"https:\/\/www.fuldaernachrichten.de\/index.php?rest_route=%2Fwp%2Fv2%2Fcomments&post=3711"}],"version-history":[{"count":0,"href":"https:\/\/www.fuldaernachrichten.de\/index.php?rest_route=\/wp\/v2\/posts\/3711\/revisions"}],"wp:attachment":[{"href":"https:\/\/www.fuldaernachrichten.de\/index.php?rest_route=%2Fwp%2Fv2%2Fmedia&parent=3711"}],"wp:term":[{"taxonomy":"category","embeddable":true,"href":"https:\/\/www.fuldaernachrichten.de\/index.php?rest_route=%2Fwp%2Fv2%2Fcategories&post=3711"},{"taxonomy":"post_tag","embeddable":true,"href":"https:\/\/www.fuldaernachrichten.de\/index.php?rest_route=%2Fwp%2Fv2%2Ftags&post=3711"}],"curies":[{"name":"wp","href":"https:\/\/api.w.org\/{rel}","templated":true}]}}