{"id":37101,"date":"2009-08-29T06:08:14","date_gmt":"2009-08-29T04:08:14","guid":{"rendered":"http:\/\/www.schoene-nachrichten.de\/?p=37101"},"modified":"2009-08-28T22:08:24","modified_gmt":"2009-08-28T20:08:24","slug":"musik-fuer-babys-und-kleinkinder","status":"publish","type":"post","link":"https:\/\/www.fuldaernachrichten.de\/?p=37101","title":{"rendered":"Musik f\u00fcr Babys und Kleinkinder"},"content":{"rendered":"<p><strong>H\u00fcnfeld. <\/strong>In der HELIOS Elternschule Storchennest beginnen im September neue Kurse \u201eMusikgarten f\u00fcr Babys und Kleinkinder\u201c. Gedacht ist der Musikgarten f\u00fcr Eltern mit ihren Kindern im Alter von sechs Monaten bis vier Jahren. Ge\u00fcbt werden Lieder und Reime, T\u00e4nze und das Spiel mit Instrumenten. Um die Kinder altersgerecht zu f\u00f6rdern, sind verschiedene Gruppen vorgesehen. Der entsprechende Probetermin, der kostenlos und unverbindlich ist, kann bei der Kursleiterin Sybille Frickmann vormittags unter der Telefonnummer 0 66 57\/60 95 49 erfragt werden.<\/p>\n","protected":false},"excerpt":{"rendered":"<div class=\"tmnf_excerpt\"><p>H\u00fcnfeld. In der HELIOS Elternschule Storchennest beginnen im September neue Kurse \u201eMusikgarten f\u00fcr Babys und Kleinkinder\u201c. Gedacht ist der Musikgarten f\u00fcr Eltern mit ihren Kindern im Alter von sechs Monaten bis vier Jahren. Ge\u00fcbt werden Lieder und Reime, T\u00e4nze und das Spiel mit Instrumenten. Um die Kinder altersgerecht zu f\u00f6rdern, sind verschiedene Gruppen vorgesehen. Der &hellip;<\/p>\n<\/div>","protected":false},"author":1,"featured_media":0,"comment_status":"closed","ping_status":"closed","sticky":false,"template":"","format":"standard","meta":{"footnotes":""},"categories":[1,53,72,44],"tags":[],"class_list":["post-37101","post","type-post","status-publish","format-standard","hentry","category-startseite","category-bildung","category-jugend","category-kultur"],"_links":{"self":[{"href":"https:\/\/www.fuldaernachrichten.de\/index.php?rest_route=\/wp\/v2\/posts\/37101","targetHints":{"allow":["GET"]}}],"collection":[{"href":"https:\/\/www.fuldaernachrichten.de\/index.php?rest_route=\/wp\/v2\/posts"}],"about":[{"href":"https:\/\/www.fuldaernachrichten.de\/index.php?rest_route=\/wp\/v2\/types\/post"}],"author":[{"embeddable":true,"href":"https:\/\/www.fuldaernachrichten.de\/index.php?rest_route=\/wp\/v2\/users\/1"}],"replies":[{"embeddable":true,"href":"https:\/\/www.fuldaernachrichten.de\/index.php?rest_route=%2Fwp%2Fv2%2Fcomments&post=37101"}],"version-history":[{"count":4,"href":"https:\/\/www.fuldaernachrichten.de\/index.php?rest_route=\/wp\/v2\/posts\/37101\/revisions"}],"predecessor-version":[{"id":37384,"href":"https:\/\/www.fuldaernachrichten.de\/index.php?rest_route=\/wp\/v2\/posts\/37101\/revisions\/37384"}],"wp:attachment":[{"href":"https:\/\/www.fuldaernachrichten.de\/index.php?rest_route=%2Fwp%2Fv2%2Fmedia&parent=37101"}],"wp:term":[{"taxonomy":"category","embeddable":true,"href":"https:\/\/www.fuldaernachrichten.de\/index.php?rest_route=%2Fwp%2Fv2%2Fcategories&post=37101"},{"taxonomy":"post_tag","embeddable":true,"href":"https:\/\/www.fuldaernachrichten.de\/index.php?rest_route=%2Fwp%2Fv2%2Ftags&post=37101"}],"curies":[{"name":"wp","href":"https:\/\/api.w.org\/{rel}","templated":true}]}}