{"id":37071,"date":"2009-08-31T07:03:34","date_gmt":"2009-08-31T05:03:34","guid":{"rendered":"http:\/\/www.schoene-nachrichten.de\/?p=37071"},"modified":"2009-08-30T08:03:47","modified_gmt":"2009-08-30T06:03:47","slug":"klettern-fuer-einsteigerinnen-2","status":"publish","type":"post","link":"https:\/\/www.fuldaernachrichten.de\/?p=37071","title":{"rendered":"Klettern f\u00fcr Einsteiger\/innen"},"content":{"rendered":"<p><strong>Fulda. <\/strong>Das Jugendbildungswerk der Stadt Fulda f\u00fchrt f\u00fcr Teenies von 11 bis 14 Jahren am Samstag, den 19. und am Sonntag, den 20. September 2009 ein Kletterwochenende in der Rh\u00f6n durch. Am ersten Tag f\u00fchren qualifizierte Anleiter an einer Indoorwand in die Grundz\u00fcge des Kletterns, Abseilen und Sicherns ein, am zweiten Tag wird gemeinsam die Steinwand bezwungen. Die Gruppe \u00fcbernachtet in der Jugendherberge in Oberbernhards. F\u00fcr Interessierte, die Lust auf ein Abenteuerwochenende und viel Spa\u00df in einer Gruppe Gleichaltriger haben, stehen noch freie Pl\u00e4tze zur Verf\u00fcgung, Vorkenntnisse sind nicht erforderlich. Genauere Informationen erteilt Georg Grohmann unter Tel. 0661\/102-1966.<\/p>\n","protected":false},"excerpt":{"rendered":"<div class=\"tmnf_excerpt\"><p>Fulda. Das Jugendbildungswerk der Stadt Fulda f\u00fchrt f\u00fcr Teenies von 11 bis 14 Jahren am Samstag, den 19. und am Sonntag, den 20. September 2009 ein Kletterwochenende in der Rh\u00f6n durch. Am ersten Tag f\u00fchren qualifizierte Anleiter an einer Indoorwand in die Grundz\u00fcge des Kletterns, Abseilen und Sicherns ein, am zweiten Tag wird gemeinsam die &hellip;<\/p>\n<\/div>","protected":false},"author":1,"featured_media":0,"comment_status":"closed","ping_status":"closed","sticky":false,"template":"","format":"standard","meta":{"footnotes":""},"categories":[1,72],"tags":[],"class_list":["post-37071","post","type-post","status-publish","format-standard","hentry","category-startseite","category-jugend"],"_links":{"self":[{"href":"https:\/\/www.fuldaernachrichten.de\/index.php?rest_route=\/wp\/v2\/posts\/37071","targetHints":{"allow":["GET"]}}],"collection":[{"href":"https:\/\/www.fuldaernachrichten.de\/index.php?rest_route=\/wp\/v2\/posts"}],"about":[{"href":"https:\/\/www.fuldaernachrichten.de\/index.php?rest_route=\/wp\/v2\/types\/post"}],"author":[{"embeddable":true,"href":"https:\/\/www.fuldaernachrichten.de\/index.php?rest_route=\/wp\/v2\/users\/1"}],"replies":[{"embeddable":true,"href":"https:\/\/www.fuldaernachrichten.de\/index.php?rest_route=%2Fwp%2Fv2%2Fcomments&post=37071"}],"version-history":[{"count":3,"href":"https:\/\/www.fuldaernachrichten.de\/index.php?rest_route=\/wp\/v2\/posts\/37071\/revisions"}],"predecessor-version":[{"id":37446,"href":"https:\/\/www.fuldaernachrichten.de\/index.php?rest_route=\/wp\/v2\/posts\/37071\/revisions\/37446"}],"wp:attachment":[{"href":"https:\/\/www.fuldaernachrichten.de\/index.php?rest_route=%2Fwp%2Fv2%2Fmedia&parent=37071"}],"wp:term":[{"taxonomy":"category","embeddable":true,"href":"https:\/\/www.fuldaernachrichten.de\/index.php?rest_route=%2Fwp%2Fv2%2Fcategories&post=37071"},{"taxonomy":"post_tag","embeddable":true,"href":"https:\/\/www.fuldaernachrichten.de\/index.php?rest_route=%2Fwp%2Fv2%2Ftags&post=37071"}],"curies":[{"name":"wp","href":"https:\/\/api.w.org\/{rel}","templated":true}]}}