{"id":37059,"date":"2009-08-26T05:33:56","date_gmt":"2009-08-26T03:33:56","guid":{"rendered":"http:\/\/www.schoene-nachrichten.de\/?p=37059"},"modified":"2009-08-25T20:34:49","modified_gmt":"2009-08-25T18:34:49","slug":"buergersprechstunde-in-huenfeld-mit-michael-brand-mdb-2","status":"publish","type":"post","link":"https:\/\/www.fuldaernachrichten.de\/?p=37059","title":{"rendered":"B\u00fcrgersprechstunde in H\u00fcnfeld mit Michael Brand (MdB)"},"content":{"rendered":"<p><strong>H\u00fcnfeld. <\/strong>Am Donnerstag, den 3. September 2009, von 16.30 bis 17.30 Uhr, wird der heimische Bundestagsabgeordnete Michael Brand in einer B\u00fcrgersprechstunde in H\u00fcnfeld (Gesch\u00e4ftsstelle der CDU H\u00fcnfeld, Hauptstra\u00dfe 26, 36088 H\u00fcnfeld) zum Gespr\u00e4ch mit B\u00fcrgerinnen und B\u00fcrgern anwesend sein. <!--more--><\/p>\n<p>Um unn\u00f6tige Wartezeiten zu vermeiden, wird um vorherige telefonische Terminvereinbarung gebeten. Interessierte B\u00fcrger des Wahlkreises k\u00f6nnen sich wie immer an das B\u00fcrgerb\u00fcro von Michael Brand in Fulda (Telefonnummer 0661-4800-4815, Fax 0661-4800-4825 oder per Mail an den Abgeordneten (michael.brand@wk.bundestag.de) wenden.<\/p>\n","protected":false},"excerpt":{"rendered":"<div class=\"tmnf_excerpt\"><p>H\u00fcnfeld. Am Donnerstag, den 3. September 2009, von 16.30 bis 17.30 Uhr, wird der heimische Bundestagsabgeordnete Michael Brand in einer B\u00fcrgersprechstunde in H\u00fcnfeld (Gesch\u00e4ftsstelle der CDU H\u00fcnfeld, Hauptstra\u00dfe 26, 36088 H\u00fcnfeld) zum Gespr\u00e4ch mit B\u00fcrgerinnen und B\u00fcrgern anwesend sein.<\/p>\n<\/div>","protected":false},"author":1,"featured_media":0,"comment_status":"closed","ping_status":"closed","sticky":false,"template":"","format":"standard","meta":{"footnotes":""},"categories":[1,29],"tags":[],"class_list":["post-37059","post","type-post","status-publish","format-standard","hentry","category-startseite","category-politik"],"_links":{"self":[{"href":"https:\/\/www.fuldaernachrichten.de\/index.php?rest_route=\/wp\/v2\/posts\/37059","targetHints":{"allow":["GET"]}}],"collection":[{"href":"https:\/\/www.fuldaernachrichten.de\/index.php?rest_route=\/wp\/v2\/posts"}],"about":[{"href":"https:\/\/www.fuldaernachrichten.de\/index.php?rest_route=\/wp\/v2\/types\/post"}],"author":[{"embeddable":true,"href":"https:\/\/www.fuldaernachrichten.de\/index.php?rest_route=\/wp\/v2\/users\/1"}],"replies":[{"embeddable":true,"href":"https:\/\/www.fuldaernachrichten.de\/index.php?rest_route=%2Fwp%2Fv2%2Fcomments&post=37059"}],"version-history":[{"count":2,"href":"https:\/\/www.fuldaernachrichten.de\/index.php?rest_route=\/wp\/v2\/posts\/37059\/revisions"}],"predecessor-version":[{"id":37066,"href":"https:\/\/www.fuldaernachrichten.de\/index.php?rest_route=\/wp\/v2\/posts\/37059\/revisions\/37066"}],"wp:attachment":[{"href":"https:\/\/www.fuldaernachrichten.de\/index.php?rest_route=%2Fwp%2Fv2%2Fmedia&parent=37059"}],"wp:term":[{"taxonomy":"category","embeddable":true,"href":"https:\/\/www.fuldaernachrichten.de\/index.php?rest_route=%2Fwp%2Fv2%2Fcategories&post=37059"},{"taxonomy":"post_tag","embeddable":true,"href":"https:\/\/www.fuldaernachrichten.de\/index.php?rest_route=%2Fwp%2Fv2%2Ftags&post=37059"}],"curies":[{"name":"wp","href":"https:\/\/api.w.org\/{rel}","templated":true}]}}