{"id":37000,"date":"2009-08-25T14:06:49","date_gmt":"2009-08-25T12:06:49","guid":{"rendered":"http:\/\/www.schoene-nachrichten.de\/?p=37000"},"modified":"2009-08-25T15:07:05","modified_gmt":"2009-08-25T13:07:05","slug":"grossenluederer-ferienprogramm-2009-war-wieder-einmal-ein-voller-erfolg","status":"publish","type":"post","link":"https:\/\/www.fuldaernachrichten.de\/?p=37000","title":{"rendered":"Gro\u00dfenl\u00fcderer Ferienprogramm 2009 war wieder einmal ein voller Erfolg"},"content":{"rendered":"<p><strong>Gro\u00dfenl\u00fcder. <\/strong>Auch in 2009 Jahr hat sich wieder einmal gezeigt, dass das Ferienprogramm der Gemeinde Gro\u00dfenl\u00fcder zusammen mit den \u00f6rtlichen Vereinen und auch Einzelpersonen auf ein gro\u00dfes Interesse bei den Kindern und Jugendlichen st\u00f6\u00dft. Das Ferienprogramm ist f\u00fcr sie eine gute Gelegenheit, ihre Ferien auf eine sinnvolle und Spa\u00df machende Art und Wei\u00dfe zu gestalten. Die Teilnehmer im Alter von f\u00fcnf bis hin zu siebzehn Jahren, lernten viele neue und spannende Dinge und hatten dabei sichtlich Spa\u00df. Wie auch schon in den vergangenen Jahren erm\u00f6glichte es die gro\u00dfe Auswahl der Angebote, f\u00fcr jeden etwas Passendes zu finden.<\/p>\n<p><a href=\"http:\/\/www.schoene-nachrichten.de\/wp-content\/uploads\/2009\/08\/angeln_bimbach.jpg\"><img decoding=\"async\" class=\"alignnone size-thumbnail wp-image-37001\" title=\"Gemeinde Gro\u00dfenl\u00fcder\" src=\"http:\/\/www.schoene-nachrichten.de\/wp-content\/uploads\/2009\/08\/angeln_bimbach-265x176.jpg\" alt=\"Gemeinde Gro\u00dfenl\u00fcder\" width=\"265\" height=\"176\" srcset=\"https:\/\/www.fuldaernachrichten.de\/wp-content\/uploads\/2009\/08\/angeln_bimbach-265x176.jpg 265w, https:\/\/www.fuldaernachrichten.de\/wp-content\/uploads\/2009\/08\/angeln_bimbach.jpg 901w\" sizes=\"(max-width: 265px) 100vw, 265px\" \/><\/a> <a href=\"http:\/\/www.schoene-nachrichten.de\/wp-content\/uploads\/2009\/08\/erlebnisfahrt_rettungsdiens.jpg\"><img fetchpriority=\"high\" decoding=\"async\" class=\"alignnone size-thumbnail wp-image-37002\" title=\"Gemeinde Gro\u00dfenl\u00fcder\" src=\"http:\/\/www.schoene-nachrichten.de\/wp-content\/uploads\/2009\/08\/erlebnisfahrt_rettungsdiens-265x210.jpg\" alt=\"Gemeinde Gro\u00dfenl\u00fcder\" width=\"265\" height=\"210\" srcset=\"https:\/\/www.fuldaernachrichten.de\/wp-content\/uploads\/2009\/08\/erlebnisfahrt_rettungsdiens-265x210.jpg 265w, https:\/\/www.fuldaernachrichten.de\/wp-content\/uploads\/2009\/08\/erlebnisfahrt_rettungsdiens.jpg 755w\" sizes=\"(max-width: 265px) 100vw, 265px\" \/><\/a><!--more--><\/p>\n<p><strong>Kontinuierliche Steigerungen bei Teilnehmerzahlen, Veranstaltern und Veranstaltungen<\/strong><\/p>\n<p>F\u00fcr die Vereine ist das Ferienprogramm eine gute Gelegenheit, ihre Arbeit darzustellen und erfolgversprechende Nachwuchswerbung zu betreiben. Auf Grund der gro\u00dfen Nachfrage, boten in diesem Jahr einige Vereine mehr Kurse an oder nahmen mehr Teilnehmer in einen Kurs auf. So hatten auch noch einige Kinder auf der Warteliste das Gl\u00fcck, bei ihrer gew\u00fcnschten Veranstaltung teilzunehmen. Neu in diesem Jahr waren Inline-Skate-Kurse von Birgit Waltersdorf aus Hosenfeld. Aus den urspr\u00fcnglich 3 geplanten Kursen wurden dann aufgrund der gro\u00dfen Nachfrage 6 Kurse durchgef\u00fchrt. Auch seit Langem mal wieder dabei, der Rad-Sport-Club 77 Bimbach e.V., der eine Radtour in die Rh\u00f6n (Wasserkuppe) anbot.<\/p>\n<p><a href=\"http:\/\/www.schoene-nachrichten.de\/wp-content\/uploads\/2009\/08\/imkern.jpg\"><img decoding=\"async\" class=\"alignnone size-thumbnail wp-image-37003\" title=\"Gemeinde Gro\u00dfenl\u00fcder\" src=\"http:\/\/www.schoene-nachrichten.de\/wp-content\/uploads\/2009\/08\/imkern-265x166.jpg\" alt=\"Gemeinde Gro\u00dfenl\u00fcder\" width=\"265\" height=\"166\" srcset=\"https:\/\/www.fuldaernachrichten.de\/wp-content\/uploads\/2009\/08\/imkern-265x166.jpg 265w, https:\/\/www.fuldaernachrichten.de\/wp-content\/uploads\/2009\/08\/imkern.jpg 956w\" sizes=\"(max-width: 265px) 100vw, 265px\" \/><\/a> <a href=\"http:\/\/www.schoene-nachrichten.de\/wp-content\/uploads\/2009\/08\/radtour_anstieg_zum_guckais.jpg\"><img loading=\"lazy\" decoding=\"async\" class=\"alignnone size-thumbnail wp-image-37004\" title=\"Gemeinde Gro\u00dfenl\u00fcder\" src=\"http:\/\/www.schoene-nachrichten.de\/wp-content\/uploads\/2009\/08\/radtour_anstieg_zum_guckais-265x198.jpg\" alt=\"Gemeinde Gro\u00dfenl\u00fcder\" width=\"265\" height=\"198\" srcset=\"https:\/\/www.fuldaernachrichten.de\/wp-content\/uploads\/2009\/08\/radtour_anstieg_zum_guckais-265x198.jpg 265w, https:\/\/www.fuldaernachrichten.de\/wp-content\/uploads\/2009\/08\/radtour_anstieg_zum_guckais.jpg 800w\" sizes=\"(max-width: 265px) 100vw, 265px\" \/><\/a><\/p>\n<p>Gegen\u00fcber letztem Jahr konnte wiederum eine Steigerung bei Teilnehmern, Veranstaltern und Veranstaltungen\/Kursen erzielt werden.<\/p>\n<p><a href=\"http:\/\/www.schoene-nachrichten.de\/wp-content\/uploads\/2009\/08\/reiten_tannhof.jpg\"><img loading=\"lazy\" decoding=\"async\" class=\"alignnone size-thumbnail wp-image-37005\" title=\"Gemeinde Gro\u00dfenl\u00fcder\" src=\"http:\/\/www.schoene-nachrichten.de\/wp-content\/uploads\/2009\/08\/reiten_tannhof-265x198.jpg\" alt=\"Gemeinde Gro\u00dfenl\u00fcder\" width=\"265\" height=\"198\" srcset=\"https:\/\/www.fuldaernachrichten.de\/wp-content\/uploads\/2009\/08\/reiten_tannhof-265x198.jpg 265w, https:\/\/www.fuldaernachrichten.de\/wp-content\/uploads\/2009\/08\/reiten_tannhof.jpg 800w\" sizes=\"(max-width: 265px) 100vw, 265px\" \/><\/a> <a href=\"http:\/\/www.schoene-nachrichten.de\/wp-content\/uploads\/2009\/08\/schtzen_bimbach.jpg\"><img loading=\"lazy\" decoding=\"async\" class=\"alignnone size-thumbnail wp-image-37006\" title=\"Gemeinde Gro\u00dfenl\u00fcder\" src=\"http:\/\/www.schoene-nachrichten.de\/wp-content\/uploads\/2009\/08\/schtzen_bimbach-265x182.jpg\" alt=\"Gemeinde Gro\u00dfenl\u00fcder\" width=\"265\" height=\"182\" srcset=\"https:\/\/www.fuldaernachrichten.de\/wp-content\/uploads\/2009\/08\/schtzen_bimbach-265x182.jpg 265w, https:\/\/www.fuldaernachrichten.de\/wp-content\/uploads\/2009\/08\/schtzen_bimbach.jpg 870w\" sizes=\"(max-width: 265px) 100vw, 265px\" \/><\/a><\/p>\n<p>Wir bedanken uns bei den Vereinen und Helfern, die in diesem Jahr beim Ferienprogramm mitgewirkt haben<\/p>\n<p><a href=\"http:\/\/www.schoene-nachrichten.de\/wp-content\/uploads\/2009\/08\/heimatgeschichtliche_erlebn.jpg\"><img loading=\"lazy\" decoding=\"async\" class=\"alignnone size-thumbnail wp-image-37007\" title=\"Gemeinde Gro\u00dfenl\u00fcder\" src=\"http:\/\/www.schoene-nachrichten.de\/wp-content\/uploads\/2009\/08\/heimatgeschichtliche_erlebn-265x353.jpg\" alt=\"Gemeinde Gro\u00dfenl\u00fcder\" width=\"265\" height=\"353\" srcset=\"https:\/\/www.fuldaernachrichten.de\/wp-content\/uploads\/2009\/08\/heimatgeschichtliche_erlebn-265x353.jpg 265w, https:\/\/www.fuldaernachrichten.de\/wp-content\/uploads\/2009\/08\/heimatgeschichtliche_erlebn.jpg 450w\" sizes=\"(max-width: 265px) 100vw, 265px\" \/><\/a> <a href=\"http:\/\/www.schoene-nachrichten.de\/wp-content\/uploads\/2009\/08\/klettern.jpg\"><img loading=\"lazy\" decoding=\"async\" class=\"alignnone size-thumbnail wp-image-37008\" title=\"Gemeinde Gro\u00dfenl\u00fcder\" src=\"http:\/\/www.schoene-nachrichten.de\/wp-content\/uploads\/2009\/08\/klettern-265x410.jpg\" alt=\"Gemeinde Gro\u00dfenl\u00fcder\" width=\"265\" height=\"410\" srcset=\"https:\/\/www.fuldaernachrichten.de\/wp-content\/uploads\/2009\/08\/klettern-265x410.jpg 265w, https:\/\/www.fuldaernachrichten.de\/wp-content\/uploads\/2009\/08\/klettern.jpg 387w\" sizes=\"(max-width: 265px) 100vw, 265px\" \/><\/a><\/p>\n","protected":false},"excerpt":{"rendered":"<div class=\"tmnf_excerpt\"><p>Gro\u00dfenl\u00fcder. Auch in 2009 Jahr hat sich wieder einmal gezeigt, dass das Ferienprogramm der Gemeinde Gro\u00dfenl\u00fcder zusammen mit den \u00f6rtlichen Vereinen und auch Einzelpersonen auf ein gro\u00dfes Interesse bei den Kindern und Jugendlichen st\u00f6\u00dft. Das Ferienprogramm ist f\u00fcr sie eine gute Gelegenheit, ihre Ferien auf eine sinnvolle und Spa\u00df machende Art und Wei\u00dfe zu gestalten. &hellip;<\/p>\n<\/div>","protected":false},"author":1,"featured_media":0,"comment_status":"closed","ping_status":"closed","sticky":false,"template":"","format":"standard","meta":{"footnotes":""},"categories":[1,53,72,44,46],"tags":[],"class_list":["post-37000","post","type-post","status-publish","format-standard","hentry","category-startseite","category-bildung","category-jugend","category-kultur","category-sport"],"_links":{"self":[{"href":"https:\/\/www.fuldaernachrichten.de\/index.php?rest_route=\/wp\/v2\/posts\/37000","targetHints":{"allow":["GET"]}}],"collection":[{"href":"https:\/\/www.fuldaernachrichten.de\/index.php?rest_route=\/wp\/v2\/posts"}],"about":[{"href":"https:\/\/www.fuldaernachrichten.de\/index.php?rest_route=\/wp\/v2\/types\/post"}],"author":[{"embeddable":true,"href":"https:\/\/www.fuldaernachrichten.de\/index.php?rest_route=\/wp\/v2\/users\/1"}],"replies":[{"embeddable":true,"href":"https:\/\/www.fuldaernachrichten.de\/index.php?rest_route=%2Fwp%2Fv2%2Fcomments&post=37000"}],"version-history":[{"count":3,"href":"https:\/\/www.fuldaernachrichten.de\/index.php?rest_route=\/wp\/v2\/posts\/37000\/revisions"}],"predecessor-version":[{"id":37031,"href":"https:\/\/www.fuldaernachrichten.de\/index.php?rest_route=\/wp\/v2\/posts\/37000\/revisions\/37031"}],"wp:attachment":[{"href":"https:\/\/www.fuldaernachrichten.de\/index.php?rest_route=%2Fwp%2Fv2%2Fmedia&parent=37000"}],"wp:term":[{"taxonomy":"category","embeddable":true,"href":"https:\/\/www.fuldaernachrichten.de\/index.php?rest_route=%2Fwp%2Fv2%2Fcategories&post=37000"},{"taxonomy":"post_tag","embeddable":true,"href":"https:\/\/www.fuldaernachrichten.de\/index.php?rest_route=%2Fwp%2Fv2%2Ftags&post=37000"}],"curies":[{"name":"wp","href":"https:\/\/api.w.org\/{rel}","templated":true}]}}