{"id":36993,"date":"2009-08-25T13:07:44","date_gmt":"2009-08-25T11:07:44","guid":{"rendered":"http:\/\/www.schoene-nachrichten.de\/?p=36993"},"modified":"2009-08-25T15:08:10","modified_gmt":"2009-08-25T13:08:10","slug":"25-traditioneller-kinder-und-jugendflohmarkt-der-fliedener-spd-am-23-08-09","status":"publish","type":"post","link":"https:\/\/www.fuldaernachrichten.de\/?p=36993","title":{"rendered":"25. traditioneller Kinder- und Jugendflohmarkt der Fliedener SPD am 23.08.09"},"content":{"rendered":"<p><strong>Flieden.<\/strong> Der von Fliedens Sozialdemokraten zum 25. Mal in Folge organisierte traditionelle Kinder- und Jugendflohmarkt am letzten Feriensonntag (23.08) auf dem Dorfplatz vor der Fliedetalschule gegen\u00fcber dem Rathaus in der Ortsmitte von Flieden \u00fcbertraf alle Erwartungen.<\/p>\n<p><a href=\"http:\/\/www.schoene-nachrichten.de\/wp-content\/uploads\/2009\/08\/DSC03748.jpg\"><img decoding=\"async\" class=\"alignnone size-thumbnail wp-image-36994\" title=\"Winfried M\u00f6ller\" src=\"http:\/\/www.schoene-nachrichten.de\/wp-content\/uploads\/2009\/08\/DSC03748-265x171.jpg\" alt=\"Winfried M\u00f6ller\" width=\"265\" height=\"171\" srcset=\"https:\/\/www.fuldaernachrichten.de\/wp-content\/uploads\/2009\/08\/DSC03748-265x171.jpg 265w, https:\/\/www.fuldaernachrichten.de\/wp-content\/uploads\/2009\/08\/DSC03748.jpg 928w\" sizes=\"(max-width: 265px) 100vw, 265px\" \/><\/a> <a href=\"http:\/\/www.schoene-nachrichten.de\/wp-content\/uploads\/2009\/08\/DSC03751.jpg\"><img fetchpriority=\"high\" decoding=\"async\" class=\"alignnone size-thumbnail wp-image-36995\" title=\"Winfried M\u00f6ller\" src=\"http:\/\/www.schoene-nachrichten.de\/wp-content\/uploads\/2009\/08\/DSC03751-265x198.jpg\" alt=\"Winfried M\u00f6ller\" width=\"265\" height=\"198\" srcset=\"https:\/\/www.fuldaernachrichten.de\/wp-content\/uploads\/2009\/08\/DSC03751-265x198.jpg 265w, https:\/\/www.fuldaernachrichten.de\/wp-content\/uploads\/2009\/08\/DSC03751.jpg 800w\" sizes=\"(max-width: 265px) 100vw, 265px\" \/><\/a><!--more--><br \/>\n<strong>SPD-Bundestagskandidatin gratulierte und lobte das Jugendpolitische Engagement<\/strong><\/p>\n<p>Die Bundestagskandidatin Claudia Blum (SPD) lobte nach einem Rundgang und Gespr\u00e4chen mit den Anbietern die kontinuierliche Jugendarbeit der SPD vor Ort.\u00c2\u00a0 Bei bestem Wetter boten weit \u00fcber 80 Kinder und Jugendliche der verschiedensten Altersgruppen eine Vielzahl von gebrauchten Kinderspielsachen, Kleider und sonstigen Kleinkram zum Verkauf bzw. Tausch an.<\/p>\n<p>In Anwesenheit von B\u00fcrgermeister Winfried Kre\u00df (SPD) und der Vorsitzenden der SPD-Arbeitsgemeinschaft 60-plus, Renata Schirmer, zeigte sich die Wahlkreiskandidatin der SPD erfreut dar\u00fcber, dass dieser traditionelle Flohmarkt seit 25 Jahren kontinuierlich durchgef\u00fchrt wird und somit zu einem festen Bestandteil der Fliedener SPD-Arbeit vor Ort wurde.\u00c2\u00a0 \u201eEs sei ein guter und sinnvoller sozialer Beitrag, Kinder und Jugendliche auf diese Art und Weise ans \u201eGesch\u00e4ftemachen\u201c heranzuf\u00fchren\u201c, hob Claudia Blum hervor und \u00fcberreichte dem Vorsitzenden Winfried M\u00f6ller zu diesem Vierteljahrhundert-Jubil\u00e4um ein Buchgeschenk.<\/p>\n<p><a href=\"http:\/\/www.schoene-nachrichten.de\/wp-content\/uploads\/2009\/08\/DSC03752.jpg\"><img decoding=\"async\" class=\"alignnone size-thumbnail wp-image-36996\" title=\"Winfried M\u00f6ller\" src=\"http:\/\/www.schoene-nachrichten.de\/wp-content\/uploads\/2009\/08\/DSC03752-265x198.jpg\" alt=\"Winfried M\u00f6ller\" width=\"265\" height=\"198\" srcset=\"https:\/\/www.fuldaernachrichten.de\/wp-content\/uploads\/2009\/08\/DSC03752-265x198.jpg 265w, https:\/\/www.fuldaernachrichten.de\/wp-content\/uploads\/2009\/08\/DSC03752.jpg 800w\" sizes=\"(max-width: 265px) 100vw, 265px\" \/><\/a> <a href=\"http:\/\/www.schoene-nachrichten.de\/wp-content\/uploads\/2009\/08\/DSC03754.jpg\"><img loading=\"lazy\" decoding=\"async\" class=\"alignnone size-thumbnail wp-image-36997\" title=\"Winfried M\u00f6ller\" src=\"http:\/\/www.schoene-nachrichten.de\/wp-content\/uploads\/2009\/08\/DSC03754-265x138.jpg\" alt=\"Winfried M\u00f6ller\" width=\"265\" height=\"138\" srcset=\"https:\/\/www.fuldaernachrichten.de\/wp-content\/uploads\/2009\/08\/DSC03754-265x138.jpg 265w, https:\/\/www.fuldaernachrichten.de\/wp-content\/uploads\/2009\/08\/DSC03754-1024x535.jpg 1024w, https:\/\/www.fuldaernachrichten.de\/wp-content\/uploads\/2009\/08\/DSC03754.jpg 1148w\" sizes=\"(max-width: 265px) 100vw, 265px\" \/><\/a><\/p>\n<p>Neben den bekannt guten Grillw\u00fcrsten der Landmetzgerei Paul M\u00fcller wurden diverse Getr\u00e4nke der Firma Stumpf angeboten, die auch kostenlos die Tische und B\u00e4nke f\u00fcr die Aussteller zur Verf\u00fcgung stellte.<\/p>\n","protected":false},"excerpt":{"rendered":"<div class=\"tmnf_excerpt\"><p>Flieden. Der von Fliedens Sozialdemokraten zum 25. Mal in Folge organisierte traditionelle Kinder- und Jugendflohmarkt am letzten Feriensonntag (23.08) auf dem Dorfplatz vor der Fliedetalschule gegen\u00fcber dem Rathaus in der Ortsmitte von Flieden \u00fcbertraf alle Erwartungen.<\/p>\n<\/div>","protected":false},"author":1,"featured_media":0,"comment_status":"closed","ping_status":"closed","sticky":false,"template":"","format":"standard","meta":{"footnotes":""},"categories":[1,29],"tags":[],"class_list":["post-36993","post","type-post","status-publish","format-standard","hentry","category-startseite","category-politik"],"_links":{"self":[{"href":"https:\/\/www.fuldaernachrichten.de\/index.php?rest_route=\/wp\/v2\/posts\/36993","targetHints":{"allow":["GET"]}}],"collection":[{"href":"https:\/\/www.fuldaernachrichten.de\/index.php?rest_route=\/wp\/v2\/posts"}],"about":[{"href":"https:\/\/www.fuldaernachrichten.de\/index.php?rest_route=\/wp\/v2\/types\/post"}],"author":[{"embeddable":true,"href":"https:\/\/www.fuldaernachrichten.de\/index.php?rest_route=\/wp\/v2\/users\/1"}],"replies":[{"embeddable":true,"href":"https:\/\/www.fuldaernachrichten.de\/index.php?rest_route=%2Fwp%2Fv2%2Fcomments&post=36993"}],"version-history":[{"count":3,"href":"https:\/\/www.fuldaernachrichten.de\/index.php?rest_route=\/wp\/v2\/posts\/36993\/revisions"}],"predecessor-version":[{"id":37033,"href":"https:\/\/www.fuldaernachrichten.de\/index.php?rest_route=\/wp\/v2\/posts\/36993\/revisions\/37033"}],"wp:attachment":[{"href":"https:\/\/www.fuldaernachrichten.de\/index.php?rest_route=%2Fwp%2Fv2%2Fmedia&parent=36993"}],"wp:term":[{"taxonomy":"category","embeddable":true,"href":"https:\/\/www.fuldaernachrichten.de\/index.php?rest_route=%2Fwp%2Fv2%2Fcategories&post=36993"},{"taxonomy":"post_tag","embeddable":true,"href":"https:\/\/www.fuldaernachrichten.de\/index.php?rest_route=%2Fwp%2Fv2%2Ftags&post=36993"}],"curies":[{"name":"wp","href":"https:\/\/api.w.org\/{rel}","templated":true}]}}