{"id":365,"date":"2006-12-15T00:01:48","date_gmt":"2006-12-14T23:01:48","guid":{"rendered":"http:\/\/www.schoene-nachrichten.de\/?p=365"},"modified":"2007-01-09T16:18:48","modified_gmt":"2007-01-09T15:18:48","slug":"fusballer-der-sportregion-fulda-im-dortmunder-%e2%80%9ewestfalenstadion%e2%80%9c","status":"publish","type":"post","link":"https:\/\/www.fuldaernachrichten.de\/?p=365","title":{"rendered":"Fu\u00dfballer der Sportregion Fulda im Dortmunder \u201eWestfalenstadion\u201c"},"content":{"rendered":"<p><strong>Sch\u00f6nes aus Fulda.<\/strong> Ein packendes Bundesligaspiel von Borussia Dortmund gegen Hertha BSC Berlin erlebten die Fu\u00dfballer der Auswahl der Sportregion Fulda im Dortmunder &#8220;Westfalenstadion&#8221;. B\u00fcrgermeister und Sportdezernent Dr. Wolfgang Dippel hatte erst zu einem z\u00fcnftigen Fr\u00fchst\u00fcck in seine Heimatgemeinde Breuna und anschlie\u00dfend zu diesem besonderen sportlichen Highlight eingeladen.<\/p>\n<p>\u00c2\u00a0<\/p>\n<p><a title=\"Foto: Stadt Fulda\" href=\"http:\/\/www.schoene-nachrichten.de\/wp-content\/uploads\/2006\/12\/061215_dippel2.jpg\" target=\"_blank\"><img decoding=\"async\" id=\"image380\" height=\"84\" alt=\"061215_dippel2.jpg\" src=\"http:\/\/www.schoene-nachrichten.de\/wp-content\/uploads\/2006\/12\/061215_dippel2.thumbnail.jpg\" \/><\/a>\u00c2\u00a0<a title=\"Foto: Stadt Fulda\" href=\"http:\/\/www.schoene-nachrichten.de\/wp-content\/uploads\/2006\/12\/061215_dippel1.jpg\" target=\"_blank\"><img decoding=\"async\" id=\"image379\" height=\"84\" alt=\"061215_dippel1.jpg\" src=\"http:\/\/www.schoene-nachrichten.de\/wp-content\/uploads\/2006\/12\/061215_dippel1.thumbnail.jpg\" \/><\/a><\/p>\n<p>\u00c2\u00a0<\/p>\n<p><!--more--><\/p>\n<p>Die Auswahl, bestehend aus Fu\u00dfballern der Verwaltung und ehemaligen h\u00f6herklassigen Spieler der Fuldaer Region,\u00c2\u00a0haben im Jahr 2006 viele Spiele bestritten und sind laut Dippel meistens als Sieger vom Platz gegangen. \u201eDie Auswahl ist ein hervorragendes Team, auch die Spielerfrauen unterst\u00fctzen uns tatkr\u00e4ftig und die Atmosph\u00e4re in diesem Fu\u00dfballtempel &#8211; mit \u00fcber 70.000 Fans war phantastisch\u201c, res\u00fcmierte der begeisterte Dippel nach dem Spiel.<\/p>\n<p>\u00c2\u00a0<\/p>\n<p>Lothar Plappert,\u00c2\u00a0 Vorsitzender des Sportverbandes der Stadt Fulda, bedankte sich f\u00fcr das gro\u00dfe Engagement und die Leidenschaft, die Dippel dem Sport entgegenbringt. Als Ideengeber f\u00fcr die fu\u00dfballerische Auswahl der Sportregion wurde Dippel von Plappert mit einer kleinen Nachbildung des FIFA-Worldcup-Pokals geehrt. \u201eLeider haben wir die WM nicht gewonnen, ich habe dennoch den Pokal\u201c, freute sich Dippel und dankte den Sportlern f\u00fcr ihre Leistungen.<\/p>\n<p>\u00c2\u00a0<\/p>\n<p>\u00dcbrigens: Das Spiel im Signal Iduna Park von Dortmund endete 1:2 f\u00fcr die Hertha aus Berlin, die damit eine \u201eschwarze Serie\u201c beendete. Sie hatte seit mehr als drei Jahrzehnten nicht mehr in Dortmund gewinnen k\u00f6nnen und war in dieser Saison noch nie ausw\u00e4rts erfolgreich.<\/p>\n","protected":false},"excerpt":{"rendered":"<div class=\"tmnf_excerpt\"><p>Sch\u00f6nes aus Fulda. Ein packendes Bundesligaspiel von Borussia Dortmund gegen Hertha BSC Berlin erlebten die Fu\u00dfballer der Auswahl der Sportregion Fulda im Dortmunder &#8220;Westfalenstadion&#8221;. B\u00fcrgermeister und Sportdezernent Dr. Wolfgang Dippel hatte erst zu einem z\u00fcnftigen Fr\u00fchst\u00fcck in seine Heimatgemeinde Breuna und anschlie\u00dfend zu diesem besonderen sportlichen Highlight eingeladen. \u00c2\u00a0 \u00c2\u00a0 \u00c2\u00a0<\/p>\n<\/div>","protected":false},"author":1,"featured_media":0,"comment_status":"closed","ping_status":"closed","sticky":false,"template":"","format":"standard","meta":{"footnotes":""},"categories":[1,46],"tags":[],"class_list":["post-365","post","type-post","status-publish","format-standard","hentry","category-startseite","category-sport"],"_links":{"self":[{"href":"https:\/\/www.fuldaernachrichten.de\/index.php?rest_route=\/wp\/v2\/posts\/365","targetHints":{"allow":["GET"]}}],"collection":[{"href":"https:\/\/www.fuldaernachrichten.de\/index.php?rest_route=\/wp\/v2\/posts"}],"about":[{"href":"https:\/\/www.fuldaernachrichten.de\/index.php?rest_route=\/wp\/v2\/types\/post"}],"author":[{"embeddable":true,"href":"https:\/\/www.fuldaernachrichten.de\/index.php?rest_route=\/wp\/v2\/users\/1"}],"replies":[{"embeddable":true,"href":"https:\/\/www.fuldaernachrichten.de\/index.php?rest_route=%2Fwp%2Fv2%2Fcomments&post=365"}],"version-history":[{"count":0,"href":"https:\/\/www.fuldaernachrichten.de\/index.php?rest_route=\/wp\/v2\/posts\/365\/revisions"}],"wp:attachment":[{"href":"https:\/\/www.fuldaernachrichten.de\/index.php?rest_route=%2Fwp%2Fv2%2Fmedia&parent=365"}],"wp:term":[{"taxonomy":"category","embeddable":true,"href":"https:\/\/www.fuldaernachrichten.de\/index.php?rest_route=%2Fwp%2Fv2%2Fcategories&post=365"},{"taxonomy":"post_tag","embeddable":true,"href":"https:\/\/www.fuldaernachrichten.de\/index.php?rest_route=%2Fwp%2Fv2%2Ftags&post=365"}],"curies":[{"name":"wp","href":"https:\/\/api.w.org\/{rel}","templated":true}]}}