{"id":364,"date":"2006-12-14T17:05:27","date_gmt":"2006-12-14T16:05:27","guid":{"rendered":"http:\/\/www.schoene-nachrichten.de\/?p=364"},"modified":"2007-01-09T16:49:01","modified_gmt":"2007-01-09T15:49:01","slug":"gastdozenten-aus-australien-und-den-usa-am-fachbereich-wirtschaft","status":"publish","type":"post","link":"https:\/\/www.fuldaernachrichten.de\/?p=364","title":{"rendered":"Gastdozenten aus Australien und den USA am Fachbereich Wirtschaft"},"content":{"rendered":"<p><strong>Sch\u00f6nes aus Fulda.<\/strong>\u00c2\u00a0Zwei\u00c2\u00a0australische\u00c2\u00a0und zwei\u00c2\u00a0amerikanische Gastprofessoren konnte der Fachbereich Wirtschaft der Hochschule Fulda\u00c2\u00a0f\u00fcr Lehr- und Forschungst\u00e4tigkeiten gewinnen. Prof. Dr. Peter Slade und Prof. Dr. Thea Vinnicombe kommen von der University of the Sunshine Coast, Brisbane (Australien), Prof. Dr. James Beckman und Prof. Dr. Dieter Schaupp, der an der West Virginia University Morgantown (USA) unterrichtet, kommen aus den USA.<\/p>\n<p>\u00c2\u00a0<\/p>\n<p><a title=\"Foto: Hochschule Fulda\" href=\"http:\/\/www.schoene-nachrichten.de\/wp-content\/uploads\/2006\/12\/061214_fh1.jpg\" target=\"_blank\"><img decoding=\"async\" id=\"image363\" height=\"77\" alt=\"061214_fh1.jpg\" src=\"http:\/\/www.schoene-nachrichten.de\/wp-content\/uploads\/2006\/12\/061214_fh1.thumbnail.jpg\" \/><\/a><\/p>\n<p>\u00c2\u00a0<\/p>\n<p><!--more--><\/p>\n<p>Die Gastprofessoren\u00c2\u00a0sollen den Studierenden umfassendes Wissen in Bezug auf amerikanische bzw. australische Managementmethoden sowie interkulturelle Kompetenzen vermitteln. Au\u00dferdem, so die Hochschule, werde mit der Arbeit und dem Aufenthalt der Dozenten das internationale Profil des Fachbereichs Wirtschaft weiter gesch\u00e4rft.<\/p>\n<p>\u00c2\u00a0<\/p>\n<p>Bereits seit vielen Jahren werden am Fachbereich Wirtschaft verschiedene M\u00f6glichkeiten zur Internationalisierung des Studienangebotes genutzt. Hierzu z\u00e4hlen insbesondere die Einbettung in ein weltweites Netzwerk kooperierender Partnerhochschulen, Auslandsaufenthalte der Studierenden sowie ein H\u00f6chstma\u00df an Dozentenmobilit\u00e4t,\u00c2\u00a0berichtete die Hochschule.<\/p>\n<p>\u00c2\u00a0<\/p>\n<p>Foto: v.l.n.r.: Prof. Dr. Peter Slade, Prof. Dr. Thea Vinnicombe (beide University of the Sunshine Coast, Australien) und Prof. Dr. James Beckman (USA)<\/p>\n","protected":false},"excerpt":{"rendered":"<div class=\"tmnf_excerpt\"><p>Sch\u00f6nes aus Fulda.\u00c2\u00a0Zwei\u00c2\u00a0australische\u00c2\u00a0und zwei\u00c2\u00a0amerikanische Gastprofessoren konnte der Fachbereich Wirtschaft der Hochschule Fulda\u00c2\u00a0f\u00fcr Lehr- und Forschungst\u00e4tigkeiten gewinnen. Prof. Dr. Peter Slade und Prof. Dr. Thea Vinnicombe kommen von der University of the Sunshine Coast, Brisbane (Australien), Prof. Dr. James Beckman und Prof. Dr. Dieter Schaupp, der an der West Virginia University Morgantown (USA) unterrichtet, kommen aus &hellip;<\/p>\n<\/div>","protected":false},"author":1,"featured_media":0,"comment_status":"closed","ping_status":"closed","sticky":false,"template":"","format":"standard","meta":{"footnotes":""},"categories":[1,48],"tags":[],"class_list":["post-364","post","type-post","status-publish","format-standard","hentry","category-startseite","category-forschung"],"_links":{"self":[{"href":"https:\/\/www.fuldaernachrichten.de\/index.php?rest_route=\/wp\/v2\/posts\/364","targetHints":{"allow":["GET"]}}],"collection":[{"href":"https:\/\/www.fuldaernachrichten.de\/index.php?rest_route=\/wp\/v2\/posts"}],"about":[{"href":"https:\/\/www.fuldaernachrichten.de\/index.php?rest_route=\/wp\/v2\/types\/post"}],"author":[{"embeddable":true,"href":"https:\/\/www.fuldaernachrichten.de\/index.php?rest_route=\/wp\/v2\/users\/1"}],"replies":[{"embeddable":true,"href":"https:\/\/www.fuldaernachrichten.de\/index.php?rest_route=%2Fwp%2Fv2%2Fcomments&post=364"}],"version-history":[{"count":0,"href":"https:\/\/www.fuldaernachrichten.de\/index.php?rest_route=\/wp\/v2\/posts\/364\/revisions"}],"wp:attachment":[{"href":"https:\/\/www.fuldaernachrichten.de\/index.php?rest_route=%2Fwp%2Fv2%2Fmedia&parent=364"}],"wp:term":[{"taxonomy":"category","embeddable":true,"href":"https:\/\/www.fuldaernachrichten.de\/index.php?rest_route=%2Fwp%2Fv2%2Fcategories&post=364"},{"taxonomy":"post_tag","embeddable":true,"href":"https:\/\/www.fuldaernachrichten.de\/index.php?rest_route=%2Fwp%2Fv2%2Ftags&post=364"}],"curies":[{"name":"wp","href":"https:\/\/api.w.org\/{rel}","templated":true}]}}