{"id":3599,"date":"2007-06-12T00:38:09","date_gmt":"2007-06-11T22:38:09","guid":{"rendered":"http:\/\/www.schoene-nachrichten.de\/?p=3599"},"modified":"2007-06-12T01:20:06","modified_gmt":"2007-06-11T23:20:06","slug":"bild-fehlt-poppenhausen-praesentierte-sich-auf-hessentagsfestzug-in-butzbach","status":"publish","type":"post","link":"https:\/\/www.fuldaernachrichten.de\/?p=3599","title":{"rendered":"Poppenhausen pr\u00e4sentierte sich auf Hessentagsfestzug in Butzbach"},"content":{"rendered":"<p><strong>Sch\u00f6nes aus Poppenhausen und Butzbach. <\/strong>Zum\u00c2\u00a0siebten Mal in Folge wurde eine Teilnehmergruppe aus Poppenhausen bei der Teilnahme am Hessentagsfestzug zugelassen.\u00c2\u00a0Eine etwa 70 Personen z\u00e4hlende Motivgruppe vertrat die Luftkurortgemeinde und die Region Rh\u00f6n beim diesj\u00e4hrigen 47. Hessentagsfestzug in Butzbach mit dem Motto: Luftkurortgemeinde Poppenhausen an der Wasserkuppe\u00c2\u00a0&#8211; Geschichte und Tradition &amp;\u00c2\u00a0Natursport und die Flieger im Biosph\u00e4renreservat Rh\u00f6n.<\/p>\n<p><strong>Fotos (7):<\/strong> Gemeinde Poppenhausen<\/p>\n<p><a rel=\"lightbox[roadtrip]\" target=\"_blank\" href=\"http:\/\/www.schoene-nachrichten.de\/wp-content\/uploads\/2007\/06\/070612_Hessentag_01.jpg\" title=\"Foto: Gemeinde Poppenhausen\"><img decoding=\"async\" width=\"128\" src=\"http:\/\/www.schoene-nachrichten.de\/wp-content\/uploads\/2007\/06\/070612_Hessentag_01.thumbnail.jpg\" alt=\"070612_Hessentag_01.jpg\" \/><\/a>\u00c2\u00a0<a rel=\"lightbox[roadtrip]\" target=\"_blank\" href=\"http:\/\/www.schoene-nachrichten.de\/wp-content\/uploads\/2007\/06\/070612_Hessentag_03.jpg\" title=\"Foto: Gemeinde Poppenhausen\"><img decoding=\"async\" width=\"128\" src=\"http:\/\/www.schoene-nachrichten.de\/wp-content\/uploads\/2007\/06\/070612_Hessentag_03.thumbnail.jpg\" alt=\"070612_Hessentag_03.jpg\" \/><\/a> <a rel=\"lightbox[roadtrip]\" target=\"_blank\" href=\"http:\/\/www.schoene-nachrichten.de\/wp-content\/uploads\/2007\/06\/070612_Hessentag_06.jpg\" title=\"Foto: Gemeinde Poppenhausen\"><img decoding=\"async\" width=\"128\" src=\"http:\/\/www.schoene-nachrichten.de\/wp-content\/uploads\/2007\/06\/070612_Hessentag_06.thumbnail.jpg\" alt=\"070612_Hessentag_06.jpg\" \/><\/a><\/p>\n<p><!--more-->Die Gruppe wurde von einer F\u00fchrungsgruppe mit Repr\u00e4sentanten der Gemeinde angef\u00fchrt. In einer M\u00f6nchskutte k\u00fcndigte Hermann M\u00fcller mit einem Werbeschild die Poppenhausener Formation an. Ihm folgten B\u00fcrgermeister Manfred Helfrich, der sich als Heinrich Steinau-von-Steinr\u00fcck pr\u00e4sentierte und seine \u201eVasallen\u201c &#8211; die Tourist-Managerin Andrea Speckenheuer, Vorstandsmitglieder des Verein f\u00fcr Tourismus und eine Abordnung der Ortsbeir\u00e4te. In mittelalterlicher Tracht erinnerten sie an das Adelsgeschlecht derer \u201eVon-Steinau-Steinr\u00fcck\u201c, die ehemaligen Grundherren von Poppenhausen, die von Mitte des 13. bis Mitte des 15. Jahrhunderts in Poppenhausen das Sagen hatten und dort das wirtschaftliche und soziale Leben bestimmten. Von deren Adelswappen wurde das heutige Gemeindewappen abgeleitet. Es besteht aus einem in Silber und Schwarz gespaltenen Schild mit\u00c2\u00a0drei in 2:1 gestellten f\u00fcnfspeichigen R\u00e4dern in verwechselten Farben.<\/p>\n<p><a rel=\"lightbox[roadtrip]\" target=\"_blank\" href=\"http:\/\/www.schoene-nachrichten.de\/wp-content\/uploads\/2007\/06\/070612_Hessentag_05.jpg\" title=\"Foto: Gemeinde Poppenhausen\"><img decoding=\"async\" align=\"left\" width=\"128\" src=\"http:\/\/www.schoene-nachrichten.de\/wp-content\/uploads\/2007\/06\/070612_Hessentag_05.thumbnail.jpg\" hspace=\"5\" alt=\"070612_Hessentag_05.jpg\" \/><\/a><strong>Poppenhausen &#8211; die Natursportgemeinde<\/strong>\u00c2\u00a0Die Rh\u00f6ner Luftkurortgemeinde hat sich seit geraumer Zeit nicht zuletzt wegen ihrer nat\u00fcrlichen und topographischen Gegebenheiten als Natursportgemeinde etabliert. Dies wurde anschaulich von einer Gruppe Natursportler dargestellt, die sich aus Wanderer, Mountain-Biker, Nordic-Walker und Einradfahrern zusammensetzte. Danach folgte ein neuer Laster des in Poppenhausen ans\u00e4ssigen gr\u00f6\u00dften Palettenherstellers Deutschlands, der Fa. Aloysius Krenzer KG. Auf der Ladefl\u00e4che hatte der Musikvereins \u201eC\u00e4cilia e.V. Poppenhausen\u201c Platz genommen. Unter der Leitung von Manfred M\u00fcnch begeisterten diese die vielen Hessentagsbesucher mit z\u00fcnftiger Blasmusik und Gesang.<\/p>\n<p><a rel=\"lightbox[roadtrip]\" target=\"_blank\" href=\"http:\/\/www.schoene-nachrichten.de\/wp-content\/uploads\/2007\/06\/070612_Hessentag_02.jpg\" title=\"Foto: Gemeinde Poppenhausen\"><img decoding=\"async\" align=\"left\" width=\"128\" src=\"http:\/\/www.schoene-nachrichten.de\/wp-content\/uploads\/2007\/06\/070612_Hessentag_02.thumbnail.jpg\" hspace=\"5\" alt=\"070612_Hessentag_02.jpg\" \/><\/a><strong>Flugsport und alte Traktoren <\/strong>Weiterhin wurde der Flugsport in seinen verschiedenen M\u00f6glichkeiten. Modellflieger, Drachen- und Gleitschirmflieger mit Modellen und Hinweisen auf die Flugschulen pr\u00e4sentiert.\u00c2\u00a0Ein echter \u201eHingucker\u201c waren wieder die Oldtimer Bulldogs der Marke Lanz (Bernhard Fl\u00fcgel) und Deutz (Erhard Henkel) mit originellem Anh\u00e4nger und M\u00e4hmaschine der Landwirtschaft, die zusammen mit aufsitzenden Rh\u00f6ner Landsleuten den Schluss dieser Gruppe bildeten. W\u00e4hrend Egbert Fl\u00fcgel die b\u00e4uerliche Landwirtschaft aus Vorzeiten auf einer historischen M\u00e4hmaschine nachlebte, gr\u00fc\u00dften attraktive Bauernfrauen von einem sogenannten \u201eGummiwagen\u201c die Festzugg\u00e4ste.<\/p>\n<p><a rel=\"lightbox[roadtrip]\" target=\"_blank\" href=\"http:\/\/www.schoene-nachrichten.de\/wp-content\/uploads\/2007\/06\/070612_Hessentag_07.jpg\" title=\"Foto: Gemeinde Poppenhausen\"><img decoding=\"async\" align=\"left\" width=\"128\" src=\"http:\/\/www.schoene-nachrichten.de\/wp-content\/uploads\/2007\/06\/070612_Hessentag_07.thumbnail.jpg\" hspace=\"5\" alt=\"070612_Hessentag_07.jpg\" \/><\/a><strong>Gr\u00fc\u00dfe an die Landesregierung<\/strong>\u00c2\u00a0An der Ehrentrib\u00fcne, die mit den Vertretern der Hessischen Landesregierung sowie weiteren Ehreng\u00e4sten besetzt war, wurde wieder \u201eHalt\u201c gemacht. B\u00fcrgermeister Manfred Helfrich \u00fcberbrachte dem Ministerpr\u00e4sidenten Roland Koch die Gr\u00fc\u00dfe aus Poppenhausen an der Wasserkuppe und \u00fcberreichte als Gastgeschenke einen Rh\u00f6ner Nussschinken von Hohmanns Metzgerei sowie ein T-Shirt mit der \u201eRh\u00f6nhilde\u201c.<\/p>\n<p><strong>Das leibliche Wohl<\/strong><br \/>\nInsgesamt war es eine gelungene Gemeinschaftsveranstaltung.\u00c2\u00a0Die Teilnehmer erlebten auch in diesem Jahr einen anstrengenden, aber erlebnisreichen, interessanten und insgesamt sch\u00f6nen Tag. F\u00fcr das leibliche Wohl war mit belegten Br\u00f6tchen, k\u00fchlen Getr\u00e4nken, mit Kaffee und leckerem Kuchen von der Gemeindeverwaltung bestens gesorgt. Das vom B\u00fcrgermeister und dem Enzian-H\u00fctten Wirt Georg Koch gestiftete Klosterbier erwies sich als geeigneter Durstl\u00f6scher und f\u00f6rderte die Stimmung.<\/p>\n<p><a rel=\"lightbox[roadtrip]\" target=\"_blank\" href=\"http:\/\/www.schoene-nachrichten.de\/wp-content\/uploads\/2007\/06\/070612_Hessentag_04.jpg\" title=\"Foto: Gemeinde Poppenhausen\"><img decoding=\"async\" align=\"left\" width=\"128\" src=\"http:\/\/www.schoene-nachrichten.de\/wp-content\/uploads\/2007\/06\/070612_Hessentag_04.thumbnail.jpg\" hspace=\"5\" alt=\"070612_Hessentag_04.jpg\" \/><\/a><strong>Werbung f\u00fcr Poppenhausen und die Rh\u00f6n<\/strong>Die Poppenhausener Gruppe nutzte den Hessentagsfestzug auch in diesem Jahr, um Werbeflyer und Aufkleber \u00fcber Tourismusangebote verteilen. Mit dem Motto \u201eGeschichte und Tradition\u201c sowie \u201eNatursport und die Flieger im Biosph\u00e4renreservat Rh\u00f6n\u201c hatte die Rh\u00f6ngemeinde wieder ein attraktives Thema belegt, um nicht nur die Urlaubs- und Luftkurortgemeinde Poppenhausen (Wasserkuppe), sondern auch die Region Fulda\/Rh\u00f6n, das \u201eLand der offenen Fernen\u201c positiv und attraktiv zu repr\u00e4sentieren.<\/p>\n<p><strong>Dank des B\u00fcrgermeisters an alle Generationen<\/strong><br \/>\nAuf der Heimfahrt dankte der B\u00fcrgermeister allen Mitwirkenden f\u00fcr ihre Teilnahme, mit der jeder auf seinem Platz einen wertvollen Beitrag f\u00fcr Poppenhausens Au\u00dfendarstellung geleistet hatten. Von den Kindern bis zum Senior waren alle Generationen vertreten. Ein Lob ging auch an alle, die bei der Vorbereitung und Organisation mitgewirkt hatten.<br \/>\nDer Hessentag 2008 findet in Homberg\/Efze statt. \u201eSchaun&#8217;mer mal&#8230;!?&#8221;<\/p>\n","protected":false},"excerpt":{"rendered":"<div class=\"tmnf_excerpt\"><p>Sch\u00f6nes aus Poppenhausen und Butzbach. Zum\u00c2\u00a0siebten Mal in Folge wurde eine Teilnehmergruppe aus Poppenhausen bei der Teilnahme am Hessentagsfestzug zugelassen.\u00c2\u00a0Eine etwa 70 Personen z\u00e4hlende Motivgruppe vertrat die Luftkurortgemeinde und die Region Rh\u00f6n beim diesj\u00e4hrigen 47. Hessentagsfestzug in Butzbach mit dem Motto: Luftkurortgemeinde Poppenhausen an der Wasserkuppe\u00c2\u00a0&#8211; Geschichte und Tradition &amp;\u00c2\u00a0Natursport und die Flieger im Biosph\u00e4renreservat &hellip;<\/p>\n<\/div>","protected":false},"author":1,"featured_media":0,"comment_status":"closed","ping_status":"closed","sticky":false,"template":"","format":"standard","meta":{"footnotes":""},"categories":[1,37,44,29],"tags":[],"class_list":["post-3599","post","type-post","status-publish","format-standard","hentry","category-startseite","category-essen-und-trinken","category-kultur","category-politik"],"_links":{"self":[{"href":"https:\/\/www.fuldaernachrichten.de\/index.php?rest_route=\/wp\/v2\/posts\/3599","targetHints":{"allow":["GET"]}}],"collection":[{"href":"https:\/\/www.fuldaernachrichten.de\/index.php?rest_route=\/wp\/v2\/posts"}],"about":[{"href":"https:\/\/www.fuldaernachrichten.de\/index.php?rest_route=\/wp\/v2\/types\/post"}],"author":[{"embeddable":true,"href":"https:\/\/www.fuldaernachrichten.de\/index.php?rest_route=\/wp\/v2\/users\/1"}],"replies":[{"embeddable":true,"href":"https:\/\/www.fuldaernachrichten.de\/index.php?rest_route=%2Fwp%2Fv2%2Fcomments&post=3599"}],"version-history":[{"count":0,"href":"https:\/\/www.fuldaernachrichten.de\/index.php?rest_route=\/wp\/v2\/posts\/3599\/revisions"}],"wp:attachment":[{"href":"https:\/\/www.fuldaernachrichten.de\/index.php?rest_route=%2Fwp%2Fv2%2Fmedia&parent=3599"}],"wp:term":[{"taxonomy":"category","embeddable":true,"href":"https:\/\/www.fuldaernachrichten.de\/index.php?rest_route=%2Fwp%2Fv2%2Fcategories&post=3599"},{"taxonomy":"post_tag","embeddable":true,"href":"https:\/\/www.fuldaernachrichten.de\/index.php?rest_route=%2Fwp%2Fv2%2Ftags&post=3599"}],"curies":[{"name":"wp","href":"https:\/\/api.w.org\/{rel}","templated":true}]}}