{"id":35833,"date":"2009-08-06T06:25:53","date_gmt":"2009-08-06T04:25:53","guid":{"rendered":"http:\/\/www.schoene-nachrichten.de\/?p=35833"},"modified":"2009-08-06T07:13:07","modified_gmt":"2009-08-06T05:13:07","slug":"partnerbetriebe-der-dachmarke-rhoen-bereichern-historischen-musical-markt","status":"publish","type":"post","link":"https:\/\/www.fuldaernachrichten.de\/?p=35833","title":{"rendered":"Partnerbetriebe der Dachmarke Rh\u00f6n bereichern historischen Musical-Markt"},"content":{"rendered":"<p><strong>Dermbach. <\/strong>Noch bis zum Ende der Auff\u00fchrungen des Rh\u00f6npaulus-Musicals am 9. August gestalten zahlreiche Partnerbetriebe der Dachmarke Rh\u00f6n und weitere Rh\u00f6ner Unternehmen den historischen Markt mit. Dieser umrahmt die Auff\u00fchrungen des Musicals im Dermbacher Schlosshof jeweils ab 18 Uhr. Aus allen drei Landesteilen sind Unternehmen vor Ort, um sich und ihre Produkte vorzustellen. \u00dcber mangelnde Besucher k\u00f6nnen sie nicht klagen, und oft kommen diese sogar von sehr weit her.<\/p>\n<p><a href=\"http:\/\/www.schoene-nachrichten.de\/wp-content\/uploads\/2009\/08\/rhnpaulus_dermbach_markt_st.jpg\"><img decoding=\"async\" class=\"alignnone size-thumbnail wp-image-35834\" title=\"Fotos: Dachmarke Rh\u00f6n\" src=\"http:\/\/www.schoene-nachrichten.de\/wp-content\/uploads\/2009\/08\/rhnpaulus_dermbach_markt_st-265x173.jpg\" alt=\"Fotos: Dachmarke Rh\u00f6n\" width=\"265\" height=\"173\" srcset=\"https:\/\/www.fuldaernachrichten.de\/wp-content\/uploads\/2009\/08\/rhnpaulus_dermbach_markt_st-265x173.jpg 265w, https:\/\/www.fuldaernachrichten.de\/wp-content\/uploads\/2009\/08\/rhnpaulus_dermbach_markt_st.jpg 916w\" sizes=\"(max-width: 265px) 100vw, 265px\" \/><\/a> <a href=\"http:\/\/www.schoene-nachrichten.de\/wp-content\/uploads\/2009\/08\/rhnpaulus_dermbach_markt_rh.jpg\"><img decoding=\"async\" class=\"alignnone size-thumbnail wp-image-35835\" title=\"Fotos: Dachmarke Rh\u00f6n\" src=\"http:\/\/www.schoene-nachrichten.de\/wp-content\/uploads\/2009\/08\/rhnpaulus_dermbach_markt_rh-265x187.jpg\" alt=\"Fotos: Dachmarke Rh\u00f6n\" width=\"265\" height=\"187\" srcset=\"https:\/\/www.fuldaernachrichten.de\/wp-content\/uploads\/2009\/08\/rhnpaulus_dermbach_markt_rh-265x187.jpg 265w, https:\/\/www.fuldaernachrichten.de\/wp-content\/uploads\/2009\/08\/rhnpaulus_dermbach_markt_rh.jpg 850w\" sizes=\"(max-width: 265px) 100vw, 265px\" \/><\/a><!--more--><\/p>\n<p><strong>Hersteller aus dem Rh\u00f6ner Land<\/strong><\/p>\n<p>Mit dabei sind unter anderem Winzer und Schnapsbrenner aus der bayerischen Rh\u00f6n, eine \u00d6lm\u00fchle aus der hessischen Rh\u00f6n sowie Unternehmen verschiedener Branchen aus der Th\u00fcringer Rh\u00f6n. Sie bieten Getr\u00e4nke, Produkte aus Schafwolle, Schnitzereien, Honig und andere Spezialit\u00e4ten sowie Informationen rund um das Biosph\u00e4renreservat Rh\u00f6n an. Das Forstamt Kaltennordheim zeigt, wie sich die Forstwirtschaft in der Rh\u00f6n entwickelte. Der Wald war zun\u00e4chst nur f\u00fcr die Jagd der adeligen Herrschaften da \u2013 bis zu einer Zeit, in der Holz ein Rohstoff, unter anderem beim Hausbau, wurde und heute auch ein gefragter Energietr\u00e4ger ist. An allen Auff\u00fchrungstagen des Rh\u00f6npaulus-Musicals f\u00fchren Kaltbl\u00fcter den traditionellen Holztransport vergangener Jahrhunderte vor.<\/p>\n<p>Fr\u00e4nkische Weine bietet das Weingut H\u00fcmmler aus Elfershausen am s\u00fcdlichen Rand der Rh\u00f6n an. Rund eineinhalb Stunden Fahrt nimmt die Winzerfamilie bis Dermbach auf sich. \u201eAber wir haben gemerkt, dass unsere Weine sehr gut beim Publikum ankommen. Musical und Wein \u2013 beides passt sehr gut zusammen\u201c, meint die Winzerin. Deshalb wird sie wohl trotz der laufenden Vorbereitungen f\u00fcr die aktuelle Weinernte am kommenden Wochenende erneut vor Ort sein. Rh\u00f6ner Obstweine, Lik\u00f6re und Ansatzschn\u00e4pse pr\u00e4sentiert Ingeborg Schuck aus Unteralba. Au\u00dferdem bietet sie Betriebsbesichtigungen ihrer Strau\u00dfwirtschaft w\u00e4hrend der Aktionswochen aus Anlass der Welturauff\u00fchrung des\u00c2\u00a0 Rh\u00f6npaulus-Musicals.<\/p>\n<p><strong>Regionale Herkunft<\/strong><\/p>\n<p>Gro\u00dfer Beliebtheit erfreuen sich die Kostproben und der Verkauf Rh\u00f6ner Schn\u00e4pse und Br\u00e4nde aus Franken. Die G\u00e4ste erfahren \u2013 beispielsweise am Stand der Brennerei Bold \u2013 viel \u00fcber verarbeitete Rohstoffe und Brennverfahren. Das trifft genauso auch auf die \u00d6lm\u00fchle Rehberg aus dem hessischen Hofbieber zu, die den eigens angebauten Raps zu \u00d6l, einem reinen Naturprodukt, verarbeitet. Der Dachmarken-Betrieb Brennerei und Gasthaus Dickas aus Bischofsheim wird in dieser Woche ebenfalls Schn\u00e4pse und Br\u00e4nde pr\u00e4sentieren und verkaufen. Claus und Brigitte Vorndran beziehen ihre Rohstoffe ausschlie\u00dflich von Rh\u00f6ner Bauern und achten dabei streng auf die regionale Herkunft. Sie besitzen eine Schaubrennerei und organisieren f\u00fcr ihre G\u00e4ste Brennereibesichtigungen mit Verkostung w\u00e4hrend der Aktionswochen in ihrem Hause. Erg\u00e4nzt wird das Marktangebot unter anderem durch das Bauernhofeis der Familie Pfaff aus Dermbach sowie durch Wildfruchtmarmeladen, Kr\u00e4uter\u00f6le, Essigessenzen und Kr\u00e4utersalben von Brigitte Ansorg aus Hermannsfeld.<\/p>\n<p>Auch das traditionelle Handwerk der Rh\u00f6n darf beim historischen Markt in Dermbach nicht fehlen. Zu den Akteuren geh\u00f6ren ein Seiler, ein Korbflechter, Rh\u00f6ner Holzbildhauer und Schnitzsch\u00fcler sowie eine Glasbl\u00e4serin, die am Stand der Kunststation von Oepfershausen anzutreffen ist. Das th\u00fcringische Rh\u00f6nforum als einer der drei Rh\u00f6ner Regionalvereine bietet neben den touristischen Informationen auch Rh\u00f6ner Produkte an wie Fliesjacken, Wollprodukte, Rh\u00f6nschafe als Pl\u00fcschtiere, Regenschirme oder extra f\u00fcr das Musical angefertigte Schl\u00fcsselanh\u00e4nger. An der Vorbereitung und Organisation sowie Finanzierung des Marktes wirkte das Rh\u00f6nforum ebenfalls mit.<\/p>\n<p>\u201eF\u00fcr die einzelnen Unternehmen ist der Markt eine gute M\u00f6glichkeit, Kontakte und Gesch\u00e4ftsbeziehungen zu kn\u00fcpfen. Das haben mehrere Aussteller ausdr\u00fccklich betont\u201c, sagt Martina Kl\u00fcber, Mitglied des Projektteams f\u00fcr das Th\u00fcringer Gastronomieprojekt \u201eRh\u00f6ner Genusstour\u201c der Regionalen Arbeitsgemeinschaft (ARGE) Rh\u00f6n. Die Gastronomen aus Dermbach und Umgebung, hebt sie hervor, profitieren sp\u00fcrbar von dem Musical. Die Aussteller selbst erleben das Markttreiben sehr unterschiedlich. \u201eSchnitzprodukte werden haupts\u00e4chlich angeschaut, aber leider nicht verkauft. Einzelnen H\u00e4ndlern sind die Marktzeiten von 18 bis 21 Uhr zu kurz, andere wiederum sind sehr zufrieden mit ihren Ums\u00e4tzen\u201c, sagt Kl\u00fcber.<\/p>\n","protected":false},"excerpt":{"rendered":"<div class=\"tmnf_excerpt\"><p>Dermbach. Noch bis zum Ende der Auff\u00fchrungen des Rh\u00f6npaulus-Musicals am 9. August gestalten zahlreiche Partnerbetriebe der Dachmarke Rh\u00f6n und weitere Rh\u00f6ner Unternehmen den historischen Markt mit. Dieser umrahmt die Auff\u00fchrungen des Musicals im Dermbacher Schlosshof jeweils ab 18 Uhr. Aus allen drei Landesteilen sind Unternehmen vor Ort, um sich und ihre Produkte vorzustellen. \u00dcber mangelnde &hellip;<\/p>\n<\/div>","protected":false},"author":1,"featured_media":0,"comment_status":"closed","ping_status":"closed","sticky":false,"template":"","format":"standard","meta":{"footnotes":""},"categories":[1,37,44,52],"tags":[],"class_list":["post-35833","post","type-post","status-publish","format-standard","hentry","category-startseite","category-essen-und-trinken","category-kultur","category-umwelt"],"_links":{"self":[{"href":"https:\/\/www.fuldaernachrichten.de\/index.php?rest_route=\/wp\/v2\/posts\/35833","targetHints":{"allow":["GET"]}}],"collection":[{"href":"https:\/\/www.fuldaernachrichten.de\/index.php?rest_route=\/wp\/v2\/posts"}],"about":[{"href":"https:\/\/www.fuldaernachrichten.de\/index.php?rest_route=\/wp\/v2\/types\/post"}],"author":[{"embeddable":true,"href":"https:\/\/www.fuldaernachrichten.de\/index.php?rest_route=\/wp\/v2\/users\/1"}],"replies":[{"embeddable":true,"href":"https:\/\/www.fuldaernachrichten.de\/index.php?rest_route=%2Fwp%2Fv2%2Fcomments&post=35833"}],"version-history":[{"count":3,"href":"https:\/\/www.fuldaernachrichten.de\/index.php?rest_route=\/wp\/v2\/posts\/35833\/revisions"}],"predecessor-version":[{"id":35847,"href":"https:\/\/www.fuldaernachrichten.de\/index.php?rest_route=\/wp\/v2\/posts\/35833\/revisions\/35847"}],"wp:attachment":[{"href":"https:\/\/www.fuldaernachrichten.de\/index.php?rest_route=%2Fwp%2Fv2%2Fmedia&parent=35833"}],"wp:term":[{"taxonomy":"category","embeddable":true,"href":"https:\/\/www.fuldaernachrichten.de\/index.php?rest_route=%2Fwp%2Fv2%2Fcategories&post=35833"},{"taxonomy":"post_tag","embeddable":true,"href":"https:\/\/www.fuldaernachrichten.de\/index.php?rest_route=%2Fwp%2Fv2%2Ftags&post=35833"}],"curies":[{"name":"wp","href":"https:\/\/api.w.org\/{rel}","templated":true}]}}