{"id":35823,"date":"2009-08-06T06:13:19","date_gmt":"2009-08-06T04:13:19","guid":{"rendered":"http:\/\/www.schoene-nachrichten.de\/?p=35823"},"modified":"2009-08-06T07:13:30","modified_gmt":"2009-08-06T05:13:30","slug":"junge-liberale-fordern-mehr-ddr-aufklaerung-in-schulen","status":"publish","type":"post","link":"https:\/\/www.fuldaernachrichten.de\/?p=35823","title":{"rendered":"Junge Liberale fordern mehr DDR-Aufkl\u00e4rung in Schulen"},"content":{"rendered":"<p><a href=\"http:\/\/www.schoene-nachrichten.de\/wp-content\/uploads\/2009\/08\/P1100402.jpg\"><img fetchpriority=\"high\" decoding=\"async\" class=\"alignnone size-thumbnail wp-image-35824\" title=\"FDP\" src=\"http:\/\/www.schoene-nachrichten.de\/wp-content\/uploads\/2009\/08\/P1100402-265x198.jpg\" alt=\"FDP\" hspace=\"5\" width=\"265\" height=\"198\" align=\"left\" srcset=\"https:\/\/www.fuldaernachrichten.de\/wp-content\/uploads\/2009\/08\/P1100402-265x198.jpg 265w, https:\/\/www.fuldaernachrichten.de\/wp-content\/uploads\/2009\/08\/P1100402.jpg 800w\" sizes=\"(max-width: 265px) 100vw, 265px\" \/><\/a><strong>Fulda. <\/strong>Anl\u00e4sslich ihres Besuchs der Mahn- und Gedenkst\u00e4tte \u201ePoint Alpha\u201c an der ehemaligen innerdeutschen Grenzen zwischen Rasdorf und Geisa fordern die Jungen Liberalen (JuLis) im Landkreis Fulda eine st\u00e4rkere Aufarbeitung der SED-Diktatur an Schulen. Der Kreisvorsitzende der JuLis Mark Matthies (23), der auch Mitglied im Landesvorstand der FDP-Nachwuchsorganisation ist, k\u00fcndigte an,\u00c2\u00a0 sich bei Kultusministerin Dorothea Henzler (FDP) daf\u00fcr einzusetzen, dass der Besuch von DDR-Gedenkst\u00e4tten als verpflichtend in den Lehrplan aufgenommen wird und Lehrpl\u00e4ne ge\u00e4ndert werden.<!--more--><\/p>\n<p><strong>Aufkl\u00e4rungsarbeit an Schulen<\/strong><\/p>\n<p>Nach einer kurzen Begr\u00fc\u00dfung durch den Fuldaer FDP-Bundestagskandidaten Mario Klotzsche, stand eine F\u00fchrung durch das Museum sowie die Besichtigung der Grenzanlagen auf dem Programm. In einer anschlie\u00dfenden Diskussionsrunde ging es um die Aufkl\u00e4rung des DDR-Unrechts im Schulunterricht. \u201eDie Aufkl\u00e4rungsarbeit an Schulen ist noch lange nicht abgeschlossen \u2013 hier liegt noch einiges im Argen\u201c, erkl\u00e4rte Matthies. Dies mache vor allem die Studie \u201eSoziales Paradies oder Stasi-Staat?\u201c der Freien Universit\u00e4t Berlin deutlich. Demnach sind Aussagen wie \u201edie Stasi war ein ganz normaler Geheimdienst\u201c oder \u201edie DDR war keine Diktatur, die Menschen mussten sich nur anpassen\u201c bei Jugendlichen weit verbreitet.<\/p>\n<p><strong>Wissen muss erweitert werden<\/strong><\/p>\n<p>\u201eWenn dreiviertel deutscher Sch\u00fcler nicht einmal wissen, wer die Mauer gebaut hat, ist es h\u00f6chste Eisenbahn\u201c, warnt Matthies. Der dramatisch hohen Unkenntnis der deutschen Geschichte nach 1945 vor allem bei jungen Menschen m\u00fcsse man aktiv entgegentreten. \u201eDie Verkl\u00e4rung und Verharmlosung der DDR in den Schulen muss eine Ende haben und die SED-Diktatur viel st\u00e4rker im Schulunterricht verankert werden\u201c, so Matthies. Die Lehrpl\u00e4ne f\u00fcr Geschichte m\u00fcssten ge\u00e4ndert werden. Eine wertneutrale Einordnung des DDR-Regimes d\u00fcrfe nicht mehr stattfinden. \u201eDen Sch\u00fclern muss klargemacht werden, dass die DDR im Widerspruch zur freiheitlich-demokratischen Grundordnung stand. Um die DDR \u201ehautnah\u201c zu erleben, sprechen sich die JuLis f\u00fcr h\u00e4ufigere Schulausfl\u00fcge zu Orten der SED-Diktatur aus. Ein Besuch der Mahn- und Gedenkst\u00e4tte Point Alpha vermittele Sch\u00fclern ein realistisches Bild des DDR-Unrechts. Deshalb werde er sich Matthies bei FDP-Kultusministerin Henzler f\u00fcr verpflichtende Besuche solcher Gedenkst\u00e4tten und die \u00c4nderung der Lehrpl\u00e4ne stark machen.<\/p>\n<p>\u201eEs kann doch nicht sein, dass Schulklassen Unterrichtsausfl\u00fcge zum Shoppen auf die Zeil nach Frankfurt machen, statt wichtige Orte deutscher Geschichte zu besuchen\u201c, erkl\u00e4rte Mark Matthies abschlie\u00dfend.<\/p>\n","protected":false},"excerpt":{"rendered":"<div class=\"tmnf_excerpt\"><p>Fulda. Anl\u00e4sslich ihres Besuchs der Mahn- und Gedenkst\u00e4tte \u201ePoint Alpha\u201c an der ehemaligen innerdeutschen Grenzen zwischen Rasdorf und Geisa fordern die Jungen Liberalen (JuLis) im Landkreis Fulda eine st\u00e4rkere Aufarbeitung der SED-Diktatur an Schulen. Der Kreisvorsitzende der JuLis Mark Matthies (23), der auch Mitglied im Landesvorstand der FDP-Nachwuchsorganisation ist, k\u00fcndigte an,\u00c2\u00a0 sich bei Kultusministerin Dorothea &hellip;<\/p>\n<\/div>","protected":false},"author":1,"featured_media":0,"comment_status":"closed","ping_status":"closed","sticky":false,"template":"","format":"standard","meta":{"footnotes":""},"categories":[1,53,29],"tags":[],"class_list":["post-35823","post","type-post","status-publish","format-standard","hentry","category-startseite","category-bildung","category-politik"],"_links":{"self":[{"href":"https:\/\/www.fuldaernachrichten.de\/index.php?rest_route=\/wp\/v2\/posts\/35823","targetHints":{"allow":["GET"]}}],"collection":[{"href":"https:\/\/www.fuldaernachrichten.de\/index.php?rest_route=\/wp\/v2\/posts"}],"about":[{"href":"https:\/\/www.fuldaernachrichten.de\/index.php?rest_route=\/wp\/v2\/types\/post"}],"author":[{"embeddable":true,"href":"https:\/\/www.fuldaernachrichten.de\/index.php?rest_route=\/wp\/v2\/users\/1"}],"replies":[{"embeddable":true,"href":"https:\/\/www.fuldaernachrichten.de\/index.php?rest_route=%2Fwp%2Fv2%2Fcomments&post=35823"}],"version-history":[{"count":3,"href":"https:\/\/www.fuldaernachrichten.de\/index.php?rest_route=\/wp\/v2\/posts\/35823\/revisions"}],"predecessor-version":[{"id":35848,"href":"https:\/\/www.fuldaernachrichten.de\/index.php?rest_route=\/wp\/v2\/posts\/35823\/revisions\/35848"}],"wp:attachment":[{"href":"https:\/\/www.fuldaernachrichten.de\/index.php?rest_route=%2Fwp%2Fv2%2Fmedia&parent=35823"}],"wp:term":[{"taxonomy":"category","embeddable":true,"href":"https:\/\/www.fuldaernachrichten.de\/index.php?rest_route=%2Fwp%2Fv2%2Fcategories&post=35823"},{"taxonomy":"post_tag","embeddable":true,"href":"https:\/\/www.fuldaernachrichten.de\/index.php?rest_route=%2Fwp%2Fv2%2Ftags&post=35823"}],"curies":[{"name":"wp","href":"https:\/\/api.w.org\/{rel}","templated":true}]}}