{"id":35784,"date":"2009-08-06T06:40:00","date_gmt":"2009-08-06T04:40:00","guid":{"rendered":"http:\/\/www.schoene-nachrichten.de\/?p=35784"},"modified":"2009-08-06T07:15:26","modified_gmt":"2009-08-06T05:15:26","slug":"woide-das-lernen-geht-weiter-neue-auszubildende-bei-der-kreisverwaltung","status":"publish","type":"post","link":"https:\/\/www.fuldaernachrichten.de\/?p=35784","title":{"rendered":"Woide: \u201eDas Lernen geht weiter\u201c &#8211; Neue Auszubildende bei der Kreisverwaltung"},"content":{"rendered":"<p><a href=\"http:\/\/www.schoene-nachrichten.de\/wp-content\/uploads\/2009\/08\/090805_auszubildende.jpg\"><img decoding=\"async\" class=\"alignnone size-medium wp-image-35785\" title=\"090805_auszubildende\" src=\"http:\/\/www.schoene-nachrichten.de\/wp-content\/uploads\/2009\/08\/090805_auszubildende-265x176.jpg\" alt=\"090805_auszubildende\" hspace=\"5\" width=\"265\" height=\"176\" align=\"left\" srcset=\"https:\/\/www.fuldaernachrichten.de\/wp-content\/uploads\/2009\/08\/090805_auszubildende-265x176.jpg 265w, https:\/\/www.fuldaernachrichten.de\/wp-content\/uploads\/2009\/08\/090805_auszubildende.jpg 600w\" sizes=\"(max-width: 265px) 100vw, 265px\" \/><\/a><strong>Fulda.<\/strong> Das breite Aufgabenspektrum des Landkreises Fulda bringt mit sich, dass die Zahl der Auszubildenden bei der Kreisverwaltung stetig w\u00e4chst. Waren es vor zwei Jahren f\u00fcnf und im vergangenen Jahr sieben Auszubildende, so konnte Landrat Bernd Woide zu Beginn des neuen Ausbildungsjahres neben zwei Fachobersch\u00fclern sowie einem Jurastudenten, die beim Landkreis ein Praktikum ableisten, insgesamt neun Auszubildende f\u00fcr den Beruf der Verwaltungsfachangestellten sowie der Fachkraft der B\u00fcrokommunikation begr\u00fc\u00dfen. Bei den Auszubildenden handelt es sich ausschlie\u00dflich um junge Damen, die sich in einem mehr-stufigen Auswahlverfahren durchgesetzt hatten.<!--more--><\/p>\n<p>Auch wenn die Schule nunmehr vorbei sei und mit der Ausbildung ein neuer interessanter Lebensabschnitt beginne, d\u00fcrfe das Lernen kein Ende haben, f\u00fchrte Landrat Woide aus. Jetzt w\u00fcrden jedoch die praktischen Anteile \u00fcberwiegen. Der Landkreis brauche qualifiziertes Personal und eine gesunde Mischung von Mitarbeiterinnen und Mitarbeitern aus unterschiedlichen Altersgruppen, um den Erwartungen der B\u00fcrgerinnen und B\u00fcrger an ein modernes Dienstleistungsunternehmen gen\u00fcgen zu k\u00f6nnen. Die neuen Auszubildenden forderte der Landrat auf, neugierig zu bleiben, viele Fragen zu stellen und ihn auch pers\u00f6nlich anzusprechen, falls sich dies als hilfreich erweisen sollte.<\/p>\n<p>Der stellvertretende Fachdienstleiter Personal und Organisation, Norbert Huder, bezifferte die Zahl der Kreismitarbeiter auf mittlerweile fast tausend. Mit Blick auf die ausschlie\u00dflich weiblichen neuen Auszubildenden f\u00fcgte er hinzu, dass der Landkreis Fulda bei diesem Teilaspekt der Frauenf\u00f6rderung vorbildlich sei. Personalratsvorsitzende Paul Weber \u00e4u\u00dferte die Erwartung, dass die Auszubildenden nach Ende ihrer Ausbildung in ein Besch\u00e4ftigungsverh\u00e4ltnis \u00fcbernommen w\u00fcrden. Ausbildungsleiterin Maria Post unterstrich das gemeinsame Bem\u00fchen, ihnen den Einstieg ins Berufsleben zu erleichtern. \u201eAb heute gilt: Augen und Ohren offen halten und sich mutig und engagiert zeigen.\u201c<\/p>\n","protected":false},"excerpt":{"rendered":"<div class=\"tmnf_excerpt\"><p>Fulda. Das breite Aufgabenspektrum des Landkreises Fulda bringt mit sich, dass die Zahl der Auszubildenden bei der Kreisverwaltung stetig w\u00e4chst. Waren es vor zwei Jahren f\u00fcnf und im vergangenen Jahr sieben Auszubildende, so konnte Landrat Bernd Woide zu Beginn des neuen Ausbildungsjahres neben zwei Fachobersch\u00fclern sowie einem Jurastudenten, die beim Landkreis ein Praktikum ableisten, insgesamt &hellip;<\/p>\n<\/div>","protected":false},"author":1,"featured_media":0,"comment_status":"closed","ping_status":"closed","sticky":false,"template":"","format":"standard","meta":{"footnotes":""},"categories":[1,29],"tags":[],"class_list":["post-35784","post","type-post","status-publish","format-standard","hentry","category-startseite","category-politik"],"_links":{"self":[{"href":"https:\/\/www.fuldaernachrichten.de\/index.php?rest_route=\/wp\/v2\/posts\/35784","targetHints":{"allow":["GET"]}}],"collection":[{"href":"https:\/\/www.fuldaernachrichten.de\/index.php?rest_route=\/wp\/v2\/posts"}],"about":[{"href":"https:\/\/www.fuldaernachrichten.de\/index.php?rest_route=\/wp\/v2\/types\/post"}],"author":[{"embeddable":true,"href":"https:\/\/www.fuldaernachrichten.de\/index.php?rest_route=\/wp\/v2\/users\/1"}],"replies":[{"embeddable":true,"href":"https:\/\/www.fuldaernachrichten.de\/index.php?rest_route=%2Fwp%2Fv2%2Fcomments&post=35784"}],"version-history":[{"count":5,"href":"https:\/\/www.fuldaernachrichten.de\/index.php?rest_route=\/wp\/v2\/posts\/35784\/revisions"}],"predecessor-version":[{"id":35850,"href":"https:\/\/www.fuldaernachrichten.de\/index.php?rest_route=\/wp\/v2\/posts\/35784\/revisions\/35850"}],"wp:attachment":[{"href":"https:\/\/www.fuldaernachrichten.de\/index.php?rest_route=%2Fwp%2Fv2%2Fmedia&parent=35784"}],"wp:term":[{"taxonomy":"category","embeddable":true,"href":"https:\/\/www.fuldaernachrichten.de\/index.php?rest_route=%2Fwp%2Fv2%2Fcategories&post=35784"},{"taxonomy":"post_tag","embeddable":true,"href":"https:\/\/www.fuldaernachrichten.de\/index.php?rest_route=%2Fwp%2Fv2%2Ftags&post=35784"}],"curies":[{"name":"wp","href":"https:\/\/api.w.org\/{rel}","templated":true}]}}