{"id":35719,"date":"2009-08-05T06:05:41","date_gmt":"2009-08-05T04:05:41","guid":{"rendered":"http:\/\/www.schoene-nachrichten.de\/?p=35719"},"modified":"2009-08-05T07:25:50","modified_gmt":"2009-08-05T05:25:50","slug":"weiterbildung-palliative-care-erfolgreich-abgeschlossen","status":"publish","type":"post","link":"https:\/\/www.fuldaernachrichten.de\/?p=35719","title":{"rendered":"Weiterbildung \u201ePalliative-Care\u201c erfolgreich abgeschlossen"},"content":{"rendered":"<p><a href=\"http:\/\/www.schoene-nachrichten.de\/wp-content\/uploads\/2009\/08\/Palliative-Car-08-09-2.jpg\"><img fetchpriority=\"high\" decoding=\"async\" class=\"alignnone size-thumbnail wp-image-35720\" title=\"Foto: Caritas Fulda\" src=\"http:\/\/www.schoene-nachrichten.de\/wp-content\/uploads\/2009\/08\/Palliative-Car-08-09-2-265x274.jpg\" alt=\"Foto: Caritas Fulda\" hspace=\"5\" width=\"265\" height=\"274\" align=\"left\" srcset=\"https:\/\/www.fuldaernachrichten.de\/wp-content\/uploads\/2009\/08\/Palliative-Car-08-09-2-265x274.jpg 265w, https:\/\/www.fuldaernachrichten.de\/wp-content\/uploads\/2009\/08\/Palliative-Car-08-09-2.jpg 579w\" sizes=\"(max-width: 265px) 100vw, 265px\" \/><\/a><strong>Fulda (wim). <\/strong>Vier Mitarbeiterinnen der Sozialstationen des Caritasverbands f\u00fcr Stadt und Landkreis Fulda e.V. haben an der Akademie f\u00fcr Palliativmedizin, Palliativpflege und Hospizarbeit des Juliusspitals in W\u00fcrzburg die Weiterbildung \u201ePalliative Care\u201c erfolgreich abgeschlossen. Die vier Pflegefachkr\u00e4fte haben in vier Wochenkursen (insgesamt 160 Stunden) Kenntnisse nach dem Curriculum von Kern\/M\u00fcller\/Aurnhammer erhalten, welches die gesetzlichen Anforderungen nach \u00c2\u00a7 39 a SGB V erf\u00fcllt.<!--more--><\/p>\n<p><strong>Betreuungskonzept f\u00fcr Menschen<\/strong><\/p>\n<p>Vermittelt wurde u.a., dass \u201ePalliative Care\u201c ein ganzheitliches Betreuungskonzept f\u00fcr Menschen bedeutet, die sich im fortgeschrittenen Stadium einer unheilbaren Erkrankung befinden und deren Lebensqualit\u00e4t erhalten werden soll bzw. zu verbessern ist. Die Weiterbildung umfasst Inhalte, wie Tumorschmerztherapie und Symptomkontrolle, psychologische Aspekte der Krankheitsbew\u00e4ltigung, Umgang mit Sterben, Tod und Trauer, religi\u00f6se, kulturelle und ethische Aspekte in der Sterbebegleitung und kollegiale Zusammenarbeit und Hilfe zur Selbstpflege<\/p>\n<p>F\u00fcr die vier Absolventinnen war der Kurs au\u00dfer einer qualifizierten Weiterbildung auch eine pers\u00f6nliche Bereicherung, die ihnen in der t\u00e4glichen Praxis die Sicherheit geben wird, die individuellen W\u00fcnsche und Gewohnheiten in der Begleitung von Sterbenden und ihren Angeh\u00f6rigen in der h\u00e4uslichen Umgebung zu ber\u00fccksichtigen.<br \/>\n\u201eF\u00fcr die Caritas-Sozialstationen bedeutet der Erwerb des Zertifikats \u201ePalliative Care\u201c der vier Mitarbeiterinnen eine Verbesserung und Weiterqualifizierung der Arbeit in der ambulanten h\u00e4uslichen Pflege der Caritas \u2013 Sozialstationen in Hinblick auf ein qualifizierte Angebot in der Palliativversorgung der uns anvertrauten Menschen\u201c, so die Qualit\u00e4tsbeauftragte f\u00fcr die ambulante h\u00e4usliche Pflege der Caritas Petra Jest\u00e4dt.<\/p>\n","protected":false},"excerpt":{"rendered":"<div class=\"tmnf_excerpt\"><p>Fulda (wim). Vier Mitarbeiterinnen der Sozialstationen des Caritasverbands f\u00fcr Stadt und Landkreis Fulda e.V. haben an der Akademie f\u00fcr Palliativmedizin, Palliativpflege und Hospizarbeit des Juliusspitals in W\u00fcrzburg die Weiterbildung \u201ePalliative Care\u201c erfolgreich abgeschlossen. Die vier Pflegefachkr\u00e4fte haben in vier Wochenkursen (insgesamt 160 Stunden) Kenntnisse nach dem Curriculum von Kern\/M\u00fcller\/Aurnhammer erhalten, welches die gesetzlichen Anforderungen nach &hellip;<\/p>\n<\/div>","protected":false},"author":1,"featured_media":0,"comment_status":"closed","ping_status":"closed","sticky":false,"template":"","format":"standard","meta":{"footnotes":""},"categories":[1,53,51,50],"tags":[],"class_list":["post-35719","post","type-post","status-publish","format-standard","hentry","category-startseite","category-bildung","category-medizin","category-kirche"],"_links":{"self":[{"href":"https:\/\/www.fuldaernachrichten.de\/index.php?rest_route=\/wp\/v2\/posts\/35719","targetHints":{"allow":["GET"]}}],"collection":[{"href":"https:\/\/www.fuldaernachrichten.de\/index.php?rest_route=\/wp\/v2\/posts"}],"about":[{"href":"https:\/\/www.fuldaernachrichten.de\/index.php?rest_route=\/wp\/v2\/types\/post"}],"author":[{"embeddable":true,"href":"https:\/\/www.fuldaernachrichten.de\/index.php?rest_route=\/wp\/v2\/users\/1"}],"replies":[{"embeddable":true,"href":"https:\/\/www.fuldaernachrichten.de\/index.php?rest_route=%2Fwp%2Fv2%2Fcomments&post=35719"}],"version-history":[{"count":3,"href":"https:\/\/www.fuldaernachrichten.de\/index.php?rest_route=\/wp\/v2\/posts\/35719\/revisions"}],"predecessor-version":[{"id":35725,"href":"https:\/\/www.fuldaernachrichten.de\/index.php?rest_route=\/wp\/v2\/posts\/35719\/revisions\/35725"}],"wp:attachment":[{"href":"https:\/\/www.fuldaernachrichten.de\/index.php?rest_route=%2Fwp%2Fv2%2Fmedia&parent=35719"}],"wp:term":[{"taxonomy":"category","embeddable":true,"href":"https:\/\/www.fuldaernachrichten.de\/index.php?rest_route=%2Fwp%2Fv2%2Fcategories&post=35719"},{"taxonomy":"post_tag","embeddable":true,"href":"https:\/\/www.fuldaernachrichten.de\/index.php?rest_route=%2Fwp%2Fv2%2Ftags&post=35719"}],"curies":[{"name":"wp","href":"https:\/\/api.w.org\/{rel}","templated":true}]}}