{"id":35715,"date":"2009-08-05T06:12:59","date_gmt":"2009-08-05T04:12:59","guid":{"rendered":"http:\/\/www.schoene-nachrichten.de\/?p=35715"},"modified":"2009-08-05T07:26:09","modified_gmt":"2009-08-05T05:26:09","slug":"die-leichtigkeit-des-seins-sommerausstellung-der-red-corridor-gallery","status":"publish","type":"post","link":"https:\/\/www.fuldaernachrichten.de\/?p=35715","title":{"rendered":"Die Leichtigkeit des Seins &#8211; Sommerausstellung der RED CORRIDOR Gallery"},"content":{"rendered":"<p><a href=\"http:\/\/www.schoene-nachrichten.de\/wp-content\/uploads\/2009\/08\/untitled1.jpg\"><img decoding=\"async\" class=\"alignnone size-thumbnail wp-image-35716\" title=\"RED CORRIDOR Gallery\" src=\"http:\/\/www.schoene-nachrichten.de\/wp-content\/uploads\/2009\/08\/untitled1-265x83.jpg\" alt=\"RED CORRIDOR Gallery\" hspace=\"5\" width=\"265\" height=\"83\" align=\"left\" srcset=\"https:\/\/www.fuldaernachrichten.de\/wp-content\/uploads\/2009\/08\/untitled1-265x83.jpg 265w, https:\/\/www.fuldaernachrichten.de\/wp-content\/uploads\/2009\/08\/untitled1-1023x321.jpg 1023w, https:\/\/www.fuldaernachrichten.de\/wp-content\/uploads\/2009\/08\/untitled1.jpg 1912w\" sizes=\"(max-width: 265px) 100vw, 265px\" \/><\/a><strong>Fulda.<\/strong> Unter diesem Titel er\u00f6ffnet die RED CORRIDOR Gallery, L\u00f6herstra\u00dfe 19, Fulda am Freitag, 28. August 2009 um 19:00 Uhr die diesj\u00e4hrige Sommerausstellung. Ist das Motto der Ausstellung angesichts der anhaltenden Wirtschaftskrise eine Provokation oder was verbirgt sich tats\u00e4chlich hinter dieser Kunstausstellung? Soweit sind sich die Ausstellungsmacher einig: Jede Krise birgt auch Chancen. Eine Chance ist, sich durch die Faszination der Kunst, Freude und Genuss \u2013 auch in schwierigen Zeiten zu erhalten. Die Ausstellung dauert bis 30.10.2009<\/p>\n","protected":false},"excerpt":{"rendered":"<div class=\"tmnf_excerpt\"><p>Fulda. Unter diesem Titel er\u00f6ffnet die RED CORRIDOR Gallery, L\u00f6herstra\u00dfe 19, Fulda am Freitag, 28. August 2009 um 19:00 Uhr die diesj\u00e4hrige Sommerausstellung. Ist das Motto der Ausstellung angesichts der anhaltenden Wirtschaftskrise eine Provokation oder was verbirgt sich tats\u00e4chlich hinter dieser Kunstausstellung? Soweit sind sich die Ausstellungsmacher einig: Jede Krise birgt auch Chancen. Eine Chance &hellip;<\/p>\n<\/div>","protected":false},"author":1,"featured_media":0,"comment_status":"closed","ping_status":"closed","sticky":false,"template":"","format":"standard","meta":{"footnotes":""},"categories":[1,44],"tags":[],"class_list":["post-35715","post","type-post","status-publish","format-standard","hentry","category-startseite","category-kultur"],"_links":{"self":[{"href":"https:\/\/www.fuldaernachrichten.de\/index.php?rest_route=\/wp\/v2\/posts\/35715","targetHints":{"allow":["GET"]}}],"collection":[{"href":"https:\/\/www.fuldaernachrichten.de\/index.php?rest_route=\/wp\/v2\/posts"}],"about":[{"href":"https:\/\/www.fuldaernachrichten.de\/index.php?rest_route=\/wp\/v2\/types\/post"}],"author":[{"embeddable":true,"href":"https:\/\/www.fuldaernachrichten.de\/index.php?rest_route=\/wp\/v2\/users\/1"}],"replies":[{"embeddable":true,"href":"https:\/\/www.fuldaernachrichten.de\/index.php?rest_route=%2Fwp%2Fv2%2Fcomments&post=35715"}],"version-history":[{"count":3,"href":"https:\/\/www.fuldaernachrichten.de\/index.php?rest_route=\/wp\/v2\/posts\/35715\/revisions"}],"predecessor-version":[{"id":35726,"href":"https:\/\/www.fuldaernachrichten.de\/index.php?rest_route=\/wp\/v2\/posts\/35715\/revisions\/35726"}],"wp:attachment":[{"href":"https:\/\/www.fuldaernachrichten.de\/index.php?rest_route=%2Fwp%2Fv2%2Fmedia&parent=35715"}],"wp:term":[{"taxonomy":"category","embeddable":true,"href":"https:\/\/www.fuldaernachrichten.de\/index.php?rest_route=%2Fwp%2Fv2%2Fcategories&post=35715"},{"taxonomy":"post_tag","embeddable":true,"href":"https:\/\/www.fuldaernachrichten.de\/index.php?rest_route=%2Fwp%2Fv2%2Ftags&post=35715"}],"curies":[{"name":"wp","href":"https:\/\/api.w.org\/{rel}","templated":true}]}}