{"id":35711,"date":"2009-08-05T06:26:20","date_gmt":"2009-08-05T04:26:20","guid":{"rendered":"http:\/\/www.schoene-nachrichten.de\/?p=35711"},"modified":"2009-08-05T07:26:32","modified_gmt":"2009-08-05T05:26:32","slug":"alles-im-leben-ist-entwicklung-begruessung-fuer-26-tegut-studenten","status":"publish","type":"post","link":"https:\/\/www.fuldaernachrichten.de\/?p=35711","title":{"rendered":"\u201eAlles im Leben ist Entwicklung\u201c &#8211; Begr\u00fc\u00dfung f\u00fcr 26 tegut-Studenten"},"content":{"rendered":"<p><a href=\"http:\/\/www.schoene-nachrichten.de\/wp-content\/uploads\/2009\/08\/DSC_0781.jpg\"><img decoding=\"async\" class=\"alignnone size-thumbnail wp-image-35712\" title=\"tegut...\" src=\"http:\/\/www.schoene-nachrichten.de\/wp-content\/uploads\/2009\/08\/DSC_0781-265x177.jpg\" alt=\"tegut...\" hspace=\"5\" width=\"265\" height=\"177\" align=\"left\" srcset=\"https:\/\/www.fuldaernachrichten.de\/wp-content\/uploads\/2009\/08\/DSC_0781-265x177.jpg 265w, https:\/\/www.fuldaernachrichten.de\/wp-content\/uploads\/2009\/08\/DSC_0781.jpg 600w\" sizes=\"(max-width: 265px) 100vw, 265px\" \/><\/a><strong>Fulda. <\/strong>Ein ganz besonderes Jubil\u00e4um konnten jetzt das Unternehmen tegut in Kooperation mit der Privaten Handelsschule Herrmann gemeinsam mit 26 tegut-Studentinnen und \u2013 Studenten begehen: An den Start geht in diesem Jahr die zehnte tegut-Gruppe und absolviert ab sofort das dreij\u00e4hrige Studium zum Staatlich gepr\u00fcften Betriebswirt. Die Studenten wurden von Peter Vater als \u201eJubil\u00e4umsjahrgang\u201c herzlich begr\u00fc\u00dft. Der stellvertretende Schulleiter erinnerte in seiner Ansprache an die ersten \u201eSchritte\u201c hin zum dualen Weiterbildungssystem f\u00fcr tegut. \u201eGemeinsam haben Wolfgang Gutberlet als tegut-Vorstandsvorsitzender und Dr. Lothar Jordan nach einer M\u00f6glichkeit gesucht, ein \u00e2\u20ac\u0161Praxisstudium\u00e2\u20ac\u2122 zu etablieren.\u201c<!--more--><\/p>\n<p><strong>Dauerhaftes und Nachhaltiges<\/strong><\/p>\n<p>Wenngleich Dr. Jordan und Wolfgang Gutberlet damit als \u201ePioniere\u201c zu bezeichnen seien, beginne erst nach der Ideenfindung die besondere Herausforderung, n\u00e4mlich etwas Dauerhaftes und Nachhaltiges zu schaffen: \u201eAlles im Leben ist Entwicklung und dies ist uns im allen im Team gelungen.\u201c<\/p>\n<p>Wolfgang Gutberlet verdeutlichte in seiner Begr\u00fc\u00dfung, dass Lernen und Arbeiten die effektivste Form der Weiterbildung sei. Den jungen Studenten w\u00fcnschte Gutberlet, dass sie ihren Tatendrang im Unternehmen umsetzen m\u00f6gen und sich dabei insbesondere drei Themenkreisen widmen sollten: Kunden, Mitarbeitern und der Gesellschaft. \u201eWir sollten nicht nur eine gute Unternehmenskultur schaffen sondern auch Vorbild sein.\u201c\u00c2\u00a0 \u201eBildung ist nicht nur Wissens-, sondern auch Herzens- und Willenbildung\u201c, hob Karl-Heinz Brand von der Gesch\u00e4ftsleitung tegut Mensch und Arbeit hervor und gab den Studenten einen entscheidenden Tipp mit auf den Weg: \u201eMan muss immer lernend arbeiten und arbeitend lernen\u201c. In seinem R\u00fcckblick betonte Brand, dass in den zur\u00fcckliegenden zehn Jahren, der erste Studiengang startete 1999,\u00c2\u00a0 mittlerweile 216 Menschen auf den Weg des dualen Studiums begleitet worden seien.<\/p>\n<p><strong>Nur die Besten wurden genommen<\/strong><\/p>\n<p>\u201eViele von ihnen arbeiten heute bei uns als F\u00fchrungskr\u00e4fte in den unterschiedlichsten Positionen.\u201c Wenngleich sich noch eine ganze Reihe weiterer Bewerber f\u00fcr den dualen Studiengang beworden h\u00e4tten, seien nur die Besten ausgew\u00e4hlt worden, denn \u201eaus Erfahrung wissen wir, dass nur diejenigen es schaffen, die ihre Ausbildung mit \u00fcberdurchschnittlichen Noten abschlie\u00dfen, die Mobilit\u00e4t\u00c2\u00a0 mitbringen und Durchhalteverm\u00f6gen zeigen.\u201c Last but not least erkl\u00e4rte Dr. G\u00fcnter Solf, dass in allem Anfang ein Zauber innewohne und es die eigene Sch\u00f6pfungskraft sei, von der die weitere Entwicklung abh\u00e4nge. Gleicherma\u00dfen verdeutlichte der Studienleiter, dass dieser Zauber keinesfalls etwas mit Zauberei zu tun habe und die Studenten sich ihren Abschluss hat erarbeiten m\u00fcssten: \u201eSie starten heute mit einem festen Ziel, den Staatlichen Betriebswirt zu erlangen.\u201c Die Studenten erhielten als Willkommensgru\u00df eine vitaminreiche tegut-T\u00fcte, Wolfgang Gutberlet nahm aus den H\u00e4nden von Peter Vater einen kleinen Leuchtturm entgegen: \u201eDieses Projekt ist einem Leuchtturm gleich, es weist den Studierenden den Weg in die richtige Richtung.\u201c<\/p>\n","protected":false},"excerpt":{"rendered":"<div class=\"tmnf_excerpt\"><p>Fulda. Ein ganz besonderes Jubil\u00e4um konnten jetzt das Unternehmen tegut in Kooperation mit der Privaten Handelsschule Herrmann gemeinsam mit 26 tegut-Studentinnen und \u2013 Studenten begehen: An den Start geht in diesem Jahr die zehnte tegut-Gruppe und absolviert ab sofort das dreij\u00e4hrige Studium zum Staatlich gepr\u00fcften Betriebswirt. Die Studenten wurden von Peter Vater als \u201eJubil\u00e4umsjahrgang\u201c herzlich &hellip;<\/p>\n<\/div>","protected":false},"author":1,"featured_media":0,"comment_status":"closed","ping_status":"closed","sticky":false,"template":"","format":"standard","meta":{"footnotes":""},"categories":[1,53,29],"tags":[],"class_list":["post-35711","post","type-post","status-publish","format-standard","hentry","category-startseite","category-bildung","category-politik"],"_links":{"self":[{"href":"https:\/\/www.fuldaernachrichten.de\/index.php?rest_route=\/wp\/v2\/posts\/35711","targetHints":{"allow":["GET"]}}],"collection":[{"href":"https:\/\/www.fuldaernachrichten.de\/index.php?rest_route=\/wp\/v2\/posts"}],"about":[{"href":"https:\/\/www.fuldaernachrichten.de\/index.php?rest_route=\/wp\/v2\/types\/post"}],"author":[{"embeddable":true,"href":"https:\/\/www.fuldaernachrichten.de\/index.php?rest_route=\/wp\/v2\/users\/1"}],"replies":[{"embeddable":true,"href":"https:\/\/www.fuldaernachrichten.de\/index.php?rest_route=%2Fwp%2Fv2%2Fcomments&post=35711"}],"version-history":[{"count":3,"href":"https:\/\/www.fuldaernachrichten.de\/index.php?rest_route=\/wp\/v2\/posts\/35711\/revisions"}],"predecessor-version":[{"id":35727,"href":"https:\/\/www.fuldaernachrichten.de\/index.php?rest_route=\/wp\/v2\/posts\/35711\/revisions\/35727"}],"wp:attachment":[{"href":"https:\/\/www.fuldaernachrichten.de\/index.php?rest_route=%2Fwp%2Fv2%2Fmedia&parent=35711"}],"wp:term":[{"taxonomy":"category","embeddable":true,"href":"https:\/\/www.fuldaernachrichten.de\/index.php?rest_route=%2Fwp%2Fv2%2Fcategories&post=35711"},{"taxonomy":"post_tag","embeddable":true,"href":"https:\/\/www.fuldaernachrichten.de\/index.php?rest_route=%2Fwp%2Fv2%2Ftags&post=35711"}],"curies":[{"name":"wp","href":"https:\/\/api.w.org\/{rel}","templated":true}]}}