{"id":35677,"date":"2009-08-04T06:30:36","date_gmt":"2009-08-04T04:30:36","guid":{"rendered":"http:\/\/www.schoene-nachrichten.de\/?p=35677"},"modified":"2009-08-04T07:15:47","modified_gmt":"2009-08-04T05:15:47","slug":"sommerfest-des-biolandhof-roenshausen","status":"publish","type":"post","link":"https:\/\/www.fuldaernachrichten.de\/?p=35677","title":{"rendered":"Sommerfest des Biolandhof R\u00f6nshausen"},"content":{"rendered":"<p><a href=\"http:\/\/www.schoene-nachrichten.de\/wp-content\/uploads\/2009\/08\/Ziegenalm3.jpg\"><img decoding=\"async\" class=\"alignnone size-thumbnail wp-image-35678\" title=\"Helmut Sch\u00f6nberger\" src=\"http:\/\/www.schoene-nachrichten.de\/wp-content\/uploads\/2009\/08\/Ziegenalm3-265x177.jpg\" alt=\"Helmut Sch\u00f6nberger\" hspace=\"5\" width=\"265\" height=\"177\" align=\"left\" srcset=\"https:\/\/www.fuldaernachrichten.de\/wp-content\/uploads\/2009\/08\/Ziegenalm3-265x177.jpg 265w, https:\/\/www.fuldaernachrichten.de\/wp-content\/uploads\/2009\/08\/Ziegenalm3.jpg 896w\" sizes=\"(max-width: 265px) 100vw, 265px\" \/><\/a><strong>Eichenzell. <\/strong>Zu seinem diesj\u00e4hrigen Sommerfest l\u00e4dt der Biolandhof R\u00f6nshausen Schulbauernhof e.V. am 9. August ab 13.00 Uhr ein. F\u00fcr musikalische Unterhaltung sorgen die Toni-Ranch-FarmerS des Antoniusheims sowie die Gruppe Haguruma Daiko mit ihren japanischen Trommeln. Orientalische Impressionen pr\u00e4sentieren \u201eDie W\u00fcstenblumen\u201c. Hufschmied Kanut kann beim Beschlagen von Pferden beobachten werden. Der Waldkindergarten \u201eDie Rh\u00f6nwichtel\u201c sorgt f\u00fcr ein buntes Kinderprogramm, au\u00dferdem wird f\u00fcr Kinder Ponyreiten sowie eine Wollwerkstatt angeboten. P\u00f6ttis Bike Corner bietet einen kostenlosen Fahrradcheck, und der ADFC codiert Fahrr\u00e4der. Hauptgewinn einer gro\u00dfen Tombola ist eine Ballonfahrt mit dem F\u00f6rstina-Hei\u00dfluftballon, der dann auch gegen 18.30 starten wird. Es gibt viele Infost\u00e4nde, z. B. Bauernhof als Klassenzimmer, BUND, Bund deutscher Milchbauern, Biosph\u00e4renreservat Rh\u00f6n, Gesellschaft zur Erhaltung alter Haustierrassen, Tapetenwechsel e.V., Umweltzentrum Fulda, Verbraucherzentrale. F\u00fcr das leibliche Wohl (auch von Vegetariern) ist, wie immer bestens gesorgt.<\/p>\n","protected":false},"excerpt":{"rendered":"<div class=\"tmnf_excerpt\"><p>Eichenzell. Zu seinem diesj\u00e4hrigen Sommerfest l\u00e4dt der Biolandhof R\u00f6nshausen Schulbauernhof e.V. am 9. August ab 13.00 Uhr ein. F\u00fcr musikalische Unterhaltung sorgen die Toni-Ranch-FarmerS des Antoniusheims sowie die Gruppe Haguruma Daiko mit ihren japanischen Trommeln. Orientalische Impressionen pr\u00e4sentieren \u201eDie W\u00fcstenblumen\u201c. Hufschmied Kanut kann beim Beschlagen von Pferden beobachten werden. Der Waldkindergarten \u201eDie Rh\u00f6nwichtel\u201c sorgt f\u00fcr &hellip;<\/p>\n<\/div>","protected":false},"author":1,"featured_media":0,"comment_status":"closed","ping_status":"closed","sticky":false,"template":"","format":"standard","meta":{"footnotes":""},"categories":[1,53,72,52],"tags":[],"class_list":["post-35677","post","type-post","status-publish","format-standard","hentry","category-startseite","category-bildung","category-jugend","category-umwelt"],"_links":{"self":[{"href":"https:\/\/www.fuldaernachrichten.de\/index.php?rest_route=\/wp\/v2\/posts\/35677","targetHints":{"allow":["GET"]}}],"collection":[{"href":"https:\/\/www.fuldaernachrichten.de\/index.php?rest_route=\/wp\/v2\/posts"}],"about":[{"href":"https:\/\/www.fuldaernachrichten.de\/index.php?rest_route=\/wp\/v2\/types\/post"}],"author":[{"embeddable":true,"href":"https:\/\/www.fuldaernachrichten.de\/index.php?rest_route=\/wp\/v2\/users\/1"}],"replies":[{"embeddable":true,"href":"https:\/\/www.fuldaernachrichten.de\/index.php?rest_route=%2Fwp%2Fv2%2Fcomments&post=35677"}],"version-history":[{"count":3,"href":"https:\/\/www.fuldaernachrichten.de\/index.php?rest_route=\/wp\/v2\/posts\/35677\/revisions"}],"predecessor-version":[{"id":35684,"href":"https:\/\/www.fuldaernachrichten.de\/index.php?rest_route=\/wp\/v2\/posts\/35677\/revisions\/35684"}],"wp:attachment":[{"href":"https:\/\/www.fuldaernachrichten.de\/index.php?rest_route=%2Fwp%2Fv2%2Fmedia&parent=35677"}],"wp:term":[{"taxonomy":"category","embeddable":true,"href":"https:\/\/www.fuldaernachrichten.de\/index.php?rest_route=%2Fwp%2Fv2%2Fcategories&post=35677"},{"taxonomy":"post_tag","embeddable":true,"href":"https:\/\/www.fuldaernachrichten.de\/index.php?rest_route=%2Fwp%2Fv2%2Ftags&post=35677"}],"curies":[{"name":"wp","href":"https:\/\/api.w.org\/{rel}","templated":true}]}}