{"id":35644,"date":"2009-08-04T06:20:50","date_gmt":"2009-08-04T04:20:50","guid":{"rendered":"http:\/\/www.schoene-nachrichten.de\/?p=35644"},"modified":"2009-08-04T07:14:59","modified_gmt":"2009-08-04T05:14:59","slug":"rhetorik-die-kunst-des-redens","status":"publish","type":"post","link":"https:\/\/www.fuldaernachrichten.de\/?p=35644","title":{"rendered":"Rhetorik \u2013 Die Kunst des Redens"},"content":{"rendered":"<p><strong>Fulda.<\/strong> Der Fachdienst Jugend, Familie, Sport, Ehrenamt des Landkreises Fulda bietet auch in diesem Jahr zahlreiche Seminare im Rahmen der Juleica-Ausbildung an. Diese Seminare richten sich in erster Linie an Jugendgruppenleiter\/-innen und Personen, die im Bereich der Jugendarbeit t\u00e4tig sind. Aber auch Eltern, Lehrer, Vereinsmitglieder und sonstige Interessenten sind eingeladen.<!--more--><\/p>\n<p>Am Samstag, 28. August, findet von 9.00 Uhr bis 16.00 Uhr im Georg-Stieler-Haus (Raum E 09) ein Rhetorik-Seminar f\u00fcr Teilnehmerinnen und Teilnehmer ab 16 Jahren statt. Anmeldungen und n\u00e4here Infos: Kreisausschuss des Landkreises Fulda, Fachdienst Jugend, Familie, Sport, Ehrenamt, W\u00f6rthstra\u00dfe 15, 36037 Fulda, Tel.: 0661\/6006-499, oder E-Mail: treffpunkt-aktiv@landkreis-fulda.de .<\/p>\n","protected":false},"excerpt":{"rendered":"<div class=\"tmnf_excerpt\"><p>Fulda. Der Fachdienst Jugend, Familie, Sport, Ehrenamt des Landkreises Fulda bietet auch in diesem Jahr zahlreiche Seminare im Rahmen der Juleica-Ausbildung an. Diese Seminare richten sich in erster Linie an Jugendgruppenleiter\/-innen und Personen, die im Bereich der Jugendarbeit t\u00e4tig sind. Aber auch Eltern, Lehrer, Vereinsmitglieder und sonstige Interessenten sind eingeladen.<\/p>\n<\/div>","protected":false},"author":1,"featured_media":0,"comment_status":"closed","ping_status":"closed","sticky":false,"template":"","format":"standard","meta":{"footnotes":""},"categories":[1,53],"tags":[],"class_list":["post-35644","post","type-post","status-publish","format-standard","hentry","category-startseite","category-bildung"],"_links":{"self":[{"href":"https:\/\/www.fuldaernachrichten.de\/index.php?rest_route=\/wp\/v2\/posts\/35644","targetHints":{"allow":["GET"]}}],"collection":[{"href":"https:\/\/www.fuldaernachrichten.de\/index.php?rest_route=\/wp\/v2\/posts"}],"about":[{"href":"https:\/\/www.fuldaernachrichten.de\/index.php?rest_route=\/wp\/v2\/types\/post"}],"author":[{"embeddable":true,"href":"https:\/\/www.fuldaernachrichten.de\/index.php?rest_route=\/wp\/v2\/users\/1"}],"replies":[{"embeddable":true,"href":"https:\/\/www.fuldaernachrichten.de\/index.php?rest_route=%2Fwp%2Fv2%2Fcomments&post=35644"}],"version-history":[{"count":3,"href":"https:\/\/www.fuldaernachrichten.de\/index.php?rest_route=\/wp\/v2\/posts\/35644\/revisions"}],"predecessor-version":[{"id":35682,"href":"https:\/\/www.fuldaernachrichten.de\/index.php?rest_route=\/wp\/v2\/posts\/35644\/revisions\/35682"}],"wp:attachment":[{"href":"https:\/\/www.fuldaernachrichten.de\/index.php?rest_route=%2Fwp%2Fv2%2Fmedia&parent=35644"}],"wp:term":[{"taxonomy":"category","embeddable":true,"href":"https:\/\/www.fuldaernachrichten.de\/index.php?rest_route=%2Fwp%2Fv2%2Fcategories&post=35644"},{"taxonomy":"post_tag","embeddable":true,"href":"https:\/\/www.fuldaernachrichten.de\/index.php?rest_route=%2Fwp%2Fv2%2Ftags&post=35644"}],"curies":[{"name":"wp","href":"https:\/\/api.w.org\/{rel}","templated":true}]}}