{"id":35627,"date":"2009-08-04T05:45:50","date_gmt":"2009-08-04T03:45:50","guid":{"rendered":"http:\/\/www.schoene-nachrichten.de\/?p=35627"},"modified":"2009-08-03T21:30:04","modified_gmt":"2009-08-03T19:30:04","slug":"109-deutscher-wandertag-fulda-willingen-vom-19-24-august-2009","status":"publish","type":"post","link":"https:\/\/www.fuldaernachrichten.de\/?p=35627","title":{"rendered":"109. Deutscher Wandertag Fulda-Willingen vom 19. \u2013 24. August 2009"},"content":{"rendered":"<p><a href=\"http:\/\/www.schoene-nachrichten.de\/wp-content\/uploads\/2009\/08\/090803_Stadtschloss.jpg\"><img fetchpriority=\"high\" decoding=\"async\" class=\"alignnone size-medium wp-image-35628\" title=\"Hier am Stadtschloss von Fulda startet am 12. August um 8.00 Uhr morgens die Wimpelwandergruppe des Rh\u00f6nklub e.V. Der 1. Etappe nach Schlitz (23 km) kann sich jeder Wanderfreund anschlie\u00dfen. F\u00fcr den R\u00fccktransport muss selbst Sorge getragen werden. (Busverbindung erfragen!)&lt;br \/&gt;\" src=\"http:\/\/www.schoene-nachrichten.de\/wp-content\/uploads\/2009\/08\/090803_Stadtschloss-265x198.jpg\" alt=\"090803_Stadtschloss\" hspace=\"5\" width=\"265\" height=\"198\" align=\"left\" srcset=\"https:\/\/www.fuldaernachrichten.de\/wp-content\/uploads\/2009\/08\/090803_Stadtschloss-265x198.jpg 265w, https:\/\/www.fuldaernachrichten.de\/wp-content\/uploads\/2009\/08\/090803_Stadtschloss.jpg 600w\" sizes=\"(max-width: 265px) 100vw, 265px\" \/><\/a><strong>Fulda. <\/strong>In enigen Tagen ist es soweit, die Wimpelwandergruppe des Rh\u00f6nklub e.V. macht sich auf den Weg nach Willingen im Sauerland, um den Wandertagswimpel von Fulda zum n\u00e4chsten Deutschen Wandertag nach Willingen zu tragen.<!--more--><\/p>\n<p>Start ist am Mittwoch, den 12. August um 8 Uhr, wenn der Oberb\u00fcrgermeister der Stadt Fulda, Herr Gerhard M\u00f6ller, den  wohlbeh\u00fcteten Wimpel an die Wimpelwandergruppe des Rh\u00f6nklubs \u00fcberreicht hat. Bei der Schlusskundgebung im Jahre 2008 auf Point Alpha war der Wimpel vom Saarwaldverein (Dt. Wandertag 2007) an die Stadt Fulda \u00fcberreicht worden.<\/p>\n<p>In diesem Jahr nun wird er von Fulda in das hessische Sauerland getragen, um ihn bei der Schlusskundgebung, am Montag, den 24. August, an den B\u00fcrgermeister der Stadt Willingen zu \u00fcberreichen. Bis dahin ist eine lange Wanderstrecke, n\u00e4mlich  205 km, von Fulda nach Willingen zu bew\u00e4ltigen. Neun Tage werden die Rh\u00f6nklubwanderer unterwegs sein. Die Strecke f\u00fchrt durch den Vogelsberg nach Schlitz und \u00fcber Grebenau schlie\u00dflich nach Neukirchen. \u00dcber Treysa geht es nach Allendorf, und dann auf dem Lulluspfad nach Jesberg. Der 6. Tag bringt die Wanderer u.a. auch auf den Kellerwaldsteig. Ein Ruhetag  ist am Edersee geplant. Auf der letzten Etappe von Medebach nach Willingen werden Fuldas Oberb\u00fcrgermeister, Gerhard M\u00f6ller, seine Frau und der B\u00fcrgermeister der Stadt Willingen mitwandern. Au\u00dferdem wird sich auch die Pr\u00e4sidentin des Rh\u00f6nklubs einfinden, wenn die Wandergruppe auf dem Ettelsberg (838 m) offiziell empfangen wird.<\/p>\n<p>Der Empfang findet um 17 Uhr statt. Dabei werden Erinnerungen wach werden an die gro\u00dfartige Kulisse, welche die Paulus-Promenade im vergangenen Jahr den Saarw\u00e4lder Wanderern bot. Wenn die Wimpelwandergruppe des Rh\u00f6nklubs ihr Ziel in Willingen erreicht, gilt der 109. Deutsche Wandertag als er\u00f6ffnet.<\/p>\n<p>Am Freitag wird eine Stadtrundfahrt unternommen und anschlie\u00dfend am Diemelsee ausgeruht. Der Samstag ist der Tag , den die Gruppe zur freien Verf\u00fcgung hat. Der Sonntag ist gepr\u00e4gt vom gro\u00dfen Festumzug, an dem die Rh\u00f6nklub-Gruppe an der Spitze des Zuges laufen wird.<\/p>\n<p>Am Montag findet um 10 Uhr die Schlusskundgebung am Auslauf der M\u00fchlenkopfschanze statt. Hier wird der Wimpel f\u00fcr ein Jahr an den B\u00fcrgermeister der Stadt Willingen abgegeben. Anschlie\u00dfend treten die Rh\u00f6nklubler dann nach 12 erlebnisreichen Tagen die Heimreise an.<\/p>\n","protected":false},"excerpt":{"rendered":"<div class=\"tmnf_excerpt\"><p>Fulda. In enigen Tagen ist es soweit, die Wimpelwandergruppe des Rh\u00f6nklub e.V. macht sich auf den Weg nach Willingen im Sauerland, um den Wandertagswimpel von Fulda zum n\u00e4chsten Deutschen Wandertag nach Willingen zu tragen.<\/p>\n<\/div>","protected":false},"author":1,"featured_media":0,"comment_status":"closed","ping_status":"closed","sticky":false,"template":"","format":"standard","meta":{"footnotes":""},"categories":[1,52],"tags":[],"class_list":["post-35627","post","type-post","status-publish","format-standard","hentry","category-startseite","category-umwelt"],"_links":{"self":[{"href":"https:\/\/www.fuldaernachrichten.de\/index.php?rest_route=\/wp\/v2\/posts\/35627","targetHints":{"allow":["GET"]}}],"collection":[{"href":"https:\/\/www.fuldaernachrichten.de\/index.php?rest_route=\/wp\/v2\/posts"}],"about":[{"href":"https:\/\/www.fuldaernachrichten.de\/index.php?rest_route=\/wp\/v2\/types\/post"}],"author":[{"embeddable":true,"href":"https:\/\/www.fuldaernachrichten.de\/index.php?rest_route=\/wp\/v2\/users\/1"}],"replies":[{"embeddable":true,"href":"https:\/\/www.fuldaernachrichten.de\/index.php?rest_route=%2Fwp%2Fv2%2Fcomments&post=35627"}],"version-history":[{"count":4,"href":"https:\/\/www.fuldaernachrichten.de\/index.php?rest_route=\/wp\/v2\/posts\/35627\/revisions"}],"predecessor-version":[{"id":35650,"href":"https:\/\/www.fuldaernachrichten.de\/index.php?rest_route=\/wp\/v2\/posts\/35627\/revisions\/35650"}],"wp:attachment":[{"href":"https:\/\/www.fuldaernachrichten.de\/index.php?rest_route=%2Fwp%2Fv2%2Fmedia&parent=35627"}],"wp:term":[{"taxonomy":"category","embeddable":true,"href":"https:\/\/www.fuldaernachrichten.de\/index.php?rest_route=%2Fwp%2Fv2%2Fcategories&post=35627"},{"taxonomy":"post_tag","embeddable":true,"href":"https:\/\/www.fuldaernachrichten.de\/index.php?rest_route=%2Fwp%2Fv2%2Ftags&post=35627"}],"curies":[{"name":"wp","href":"https:\/\/api.w.org\/{rel}","templated":true}]}}