{"id":3561,"date":"2007-06-10T00:59:57","date_gmt":"2007-06-09T22:59:57","guid":{"rendered":"http:\/\/www.schoene-nachrichten.de\/?p=3561"},"modified":"2007-06-10T01:01:29","modified_gmt":"2007-06-09T23:01:29","slug":"morgen-beginnt-kubanische-woche-in-hugos-ranch","status":"publish","type":"post","link":"https:\/\/www.fuldaernachrichten.de\/?p=3561","title":{"rendered":"Morgen beginnt Kubanische Woche in &#8220;Hugos Ranch&#8221;"},"content":{"rendered":"<p><strong>Tipp.<\/strong> Zu Ernesto Che Guevaras Geburtstag, der sich am 14. Juni j\u00e4hrt, stellt der kubanische Gesch\u00e4ftsf\u00fchrer der Ratsstuben in Bad Salzschlirf sein Restaurant eine Woche lang ganz auf Kuba um. Kubanische Spezialit\u00e4ten, Kunsthandwerk und ein Kulturprogramm\u00c2\u00a0werden vom 11. bis 17. Juni geboten. <!--more--><\/p>\n<p>Am\u00c2\u00a0morgigen Montag\u00c2\u00a0wird im gro\u00dfen Gemeindesaal um 19.30 Uhr\u00c2\u00a0Wim Wenders Film &#8220;Buena Vista Social Club&#8221; gezeigt. Am Samstag, dem 16. Juni, l\u00e4dt um 17 Uhr das kubanische Quartett &#8220;Los 4 del Son&#8221; bei freiem Eintritt zum Tanzen ein. Die vier Vollblutmusiker bestreiten seit Jahren das musikalische Programm in Havannas Bar \u201eLa Bodeguita del medio\u201c, in der Ernest Hemingway einst seinen &#8220;Mojito&#8221; zu trinken pflegte.\u00c2\u00a0<\/p>\n<p>Hugo Pimentel, Gastronom, Eventmanager und Maler aus der kubanischen Hauptstadt Havanna, managt seit Februar dieses Jahres das Restaurant mitsamt Veranstaltungsr\u00e4umen. Hier gibt es an den \u00fcbrigen Tagen deutsche und internationale K\u00fcche sowie \u2013 neu in Bad Salzschlirf \u2013 Cocktails.\u00c2\u00a0<\/p>\n<p>Das Restaurant Hugos Ranch (bislang \u201eRatsstuben\u201c) bietet 75 Sitzpl\u00e4tze und 120 Pl\u00e4tze auf der Terrasse. Der ersten Cocktailbar in Bad Salzschlirf gibt der kubanische Manager peu \u00c3\u00a0 peu karibisches Flair. Geplant sind f\u00fcr weitere Konzerte eine Tanzfl\u00e4che, ein Kinderspielplatz und ein Ausstellungsraum f\u00fcr lateinamerikanische K\u00fcnstler.<\/p>\n","protected":false},"excerpt":{"rendered":"<div class=\"tmnf_excerpt\"><p>Tipp. Zu Ernesto Che Guevaras Geburtstag, der sich am 14. Juni j\u00e4hrt, stellt der kubanische Gesch\u00e4ftsf\u00fchrer der Ratsstuben in Bad Salzschlirf sein Restaurant eine Woche lang ganz auf Kuba um. Kubanische Spezialit\u00e4ten, Kunsthandwerk und ein Kulturprogramm\u00c2\u00a0werden vom 11. bis 17. Juni geboten.<\/p>\n<\/div>","protected":false},"author":1,"featured_media":0,"comment_status":"closed","ping_status":"closed","sticky":false,"template":"","format":"standard","meta":{"footnotes":""},"categories":[1,37,44],"tags":[],"class_list":["post-3561","post","type-post","status-publish","format-standard","hentry","category-startseite","category-essen-und-trinken","category-kultur"],"_links":{"self":[{"href":"https:\/\/www.fuldaernachrichten.de\/index.php?rest_route=\/wp\/v2\/posts\/3561","targetHints":{"allow":["GET"]}}],"collection":[{"href":"https:\/\/www.fuldaernachrichten.de\/index.php?rest_route=\/wp\/v2\/posts"}],"about":[{"href":"https:\/\/www.fuldaernachrichten.de\/index.php?rest_route=\/wp\/v2\/types\/post"}],"author":[{"embeddable":true,"href":"https:\/\/www.fuldaernachrichten.de\/index.php?rest_route=\/wp\/v2\/users\/1"}],"replies":[{"embeddable":true,"href":"https:\/\/www.fuldaernachrichten.de\/index.php?rest_route=%2Fwp%2Fv2%2Fcomments&post=3561"}],"version-history":[{"count":0,"href":"https:\/\/www.fuldaernachrichten.de\/index.php?rest_route=\/wp\/v2\/posts\/3561\/revisions"}],"wp:attachment":[{"href":"https:\/\/www.fuldaernachrichten.de\/index.php?rest_route=%2Fwp%2Fv2%2Fmedia&parent=3561"}],"wp:term":[{"taxonomy":"category","embeddable":true,"href":"https:\/\/www.fuldaernachrichten.de\/index.php?rest_route=%2Fwp%2Fv2%2Fcategories&post=3561"},{"taxonomy":"post_tag","embeddable":true,"href":"https:\/\/www.fuldaernachrichten.de\/index.php?rest_route=%2Fwp%2Fv2%2Ftags&post=3561"}],"curies":[{"name":"wp","href":"https:\/\/api.w.org\/{rel}","templated":true}]}}