{"id":35608,"date":"2009-08-03T08:19:00","date_gmt":"2009-08-03T06:19:00","guid":{"rendered":"http:\/\/www.schoene-nachrichten.de\/?p=35608"},"modified":"2009-08-03T08:20:25","modified_gmt":"2009-08-03T06:20:25","slug":"128-heiderbeerfest-und-50-jahre-heidelbeerkoenigin-am-kommenden-wochenende-in-giesel","status":"publish","type":"post","link":"https:\/\/www.fuldaernachrichten.de\/?p=35608","title":{"rendered":"128. Heiderbeerfest und 50 Jahre Heidelbeerk\u00f6nigin am kommenden Wochenende in Giesel"},"content":{"rendered":"<p><a href=\"http:\/\/www.schoene-nachrichten.de\/wp-content\/uploads\/2009\/08\/vor-dem-Wettessen.jpg\"><img decoding=\"async\" class=\"alignnone size-thumbnail wp-image-35610\" title=\"Gieseler Vereinsgemeinschaft &quot;Heimatfest&quot; Giesel\" src=\"http:\/\/www.schoene-nachrichten.de\/wp-content\/uploads\/2009\/08\/vor-dem-Wettessen.jpg\" alt=\"Gieseler Vereinsgemeinschaft &quot;Heimatfest&quot; Giesel\" width=\"560\" srcset=\"https:\/\/www.fuldaernachrichten.de\/wp-content\/uploads\/2009\/08\/vor-dem-Wettessen.jpg 800w, https:\/\/www.fuldaernachrichten.de\/wp-content\/uploads\/2009\/08\/vor-dem-Wettessen-265x198.jpg 265w\" sizes=\"(max-width: 800px) 100vw, 800px\" \/><\/a><\/p>\n<p><strong>Neuhof-Giesel. <\/strong>Reife Heidelbeeren in den Gieseler W\u00e4ldern und leckerer Heidelbeerkuchen zu Hause oder auch beim B\u00e4cker schon k\u00e4uflich erworben, zeugen vom nahenden Gieseler Heidelbeerfest, das j\u00e4hrlich am 2. Augustwochenende, zum Patronatsfest der Gieseler Pfarrkirche St. Laurentius (10.8.), wieder gefeiert wird. In diesem Jahr steht auch die 50. Wiederkehr der \u201eInthronisation\u201c der ersten Gieseler Heidelbeerk\u00f6nigin &#8211; fr\u00fcher \u201eBeerzi\u00df\u201c &#8211; im Jahre 1959 an.<!--more--><\/p>\n<p><strong>\u00c4lteste Volksfest im Raum Fulda<\/strong><\/p>\n<p><a href=\"http:\/\/www.schoene-nachrichten.de\/wp-content\/uploads\/2009\/08\/Kigspaar-2009.jpg\"><img fetchpriority=\"high\" decoding=\"async\" class=\"alignleft size-thumbnail wp-image-35609\" title=\"Gieseler Vereinsgemeinschaft &quot;Heimatfest&quot; Giesel\" src=\"http:\/\/www.schoene-nachrichten.de\/wp-content\/uploads\/2009\/08\/Kigspaar-2009-265x198.jpg\" alt=\"Gieseler Vereinsgemeinschaft &quot;Heimatfest&quot; Giesel\" width=\"265\" height=\"198\" srcset=\"https:\/\/www.fuldaernachrichten.de\/wp-content\/uploads\/2009\/08\/Kigspaar-2009-265x198.jpg 265w, https:\/\/www.fuldaernachrichten.de\/wp-content\/uploads\/2009\/08\/Kigspaar-2009.jpg 800w\" sizes=\"(max-width: 265px) 100vw, 265px\" \/><\/a>Zum 128. male wird dieses weit \u00fcber unsere Heimat hinaus bekannte und eines der \u00e4ltesten Volksfeste im Fuldaer Land, vom 7. \u2013 10. August 2009, im Gieseler Heidelbeerreich gefeiert. Zur Tradition des Festes geh\u00f6rt der gro\u00dfe Festzug und das \u201eHeidelbeerkuchen-Wett(fr)essen\u201c, bei dem je 4 Damen und 4 Herren sich durch einen gro\u00dfen ca. 80 cm Durchmesser messenden, runden Heidelbeerkuchen, hindurch essen m\u00fcssen. Wer das in der Kuchenmitte eingebackene Geldst\u00fcck als erstes zwischen den Z\u00e4hnen hat, ist Sieger bzw. Siegerin. Die Statuten aus dem Jahr 1881 schreiben daf\u00fcr strenge Regeln vor. Sie bestehen aus \u201eabbei\u00dfen, kauen und hinunterschlucken\u201c. Ein Versto\u00df wird mit dem \u201eStraftrinken\u201c eines \u201eLiters Bier in einem Zuge\u201c geahndet. Eines der gr\u00f6\u00dften Gaudis wo M\u00e4nner wie Frauen Ihre \u201eSchnelligkeit\u201c beim essen und ihre \u201eEss-Sitten\u201c beweisen k\u00f6nnen um Sieger zu werden.<\/p>\n<p>Des gro\u00dfen Erfolges wegen wird auch w\u00e4hrend des Heidelbeerfestes das 3. \u201eBlueberry-Festival ,am Freitag, 7. und Samstag, 9. August, mit toller Musik, guten Gruppen, flotten DJ\u00c2\u00b4s und gro\u00dfartiger Stimmung bei den Jugendlichen, stattfinden.<\/p>\n<p><a href=\"http:\/\/www.schoene-nachrichten.de\/wp-content\/uploads\/2009\/08\/Wettessen-Herren.jpg\"><img decoding=\"async\" class=\"alignnone size-thumbnail wp-image-35611\" title=\"Gieseler Vereinsgemeinschaft &quot;Heimatfest&quot; Giesel\" src=\"http:\/\/www.schoene-nachrichten.de\/wp-content\/uploads\/2009\/08\/Wettessen-Herren-265x198.jpg\" alt=\"Gieseler Vereinsgemeinschaft &quot;Heimatfest&quot; Giesel\" hspace=\"5\" width=\"265\" height=\"198\" align=\"left\" srcset=\"https:\/\/www.fuldaernachrichten.de\/wp-content\/uploads\/2009\/08\/Wettessen-Herren-265x198.jpg 265w, https:\/\/www.fuldaernachrichten.de\/wp-content\/uploads\/2009\/08\/Wettessen-Herren.jpg 800w\" sizes=\"(max-width: 265px) 100vw, 265px\" \/><\/a><\/p>\n<p>Das amtierende Heidelbeerk\u00f6nigspaar Rosemarie und Sascha, l\u00e4dt herzlicht in das Heidelbeerreich Giesel ein, kr\u00e4ftig mit den Gieselern das traditionsreiche Heidelbeerfest &#8211; oder auch Heidelbeerkirmes genannt &#8211; zu feiern. Bei einem abwechslungsreichen Programm, dem sehenswerten Festzug, dem Heidelbeerkuchen-Wettessen bei leckerem Heidelbeerkuchen und dem s\u00fcffigen Heidelbeerwein und toller Musik wird Kurzweil, Unterhaltung und das leibliche Wohl auf seine Kosten kommen.<\/p>\n<p><strong>Hier das diesj\u00e4hrige Programm des 128. Heidelbeerfestes und des 3. Blueberry-Festivals:<\/strong><\/p>\n<p><strong><a href=\"http:\/\/www.schoene-nachrichten.de\/wp-content\/uploads\/2009\/08\/Plakat-Heidelbeerfest_2009.jpg\"><img decoding=\"async\" class=\"alignnone size-thumbnail wp-image-35612\" src=\"http:\/\/www.schoene-nachrichten.de\/wp-content\/uploads\/2009\/08\/Plakat-Heidelbeerfest_2009-265x375.jpg\" alt=\"\" hspace=\"5\" width=\"265\" height=\"375\" align=\"left\" srcset=\"https:\/\/www.fuldaernachrichten.de\/wp-content\/uploads\/2009\/08\/Plakat-Heidelbeerfest_2009-265x375.jpg 265w, https:\/\/www.fuldaernachrichten.de\/wp-content\/uploads\/2009\/08\/Plakat-Heidelbeerfest_2009.jpg 424w\" sizes=\"(max-width: 265px) 100vw, 265px\" \/><\/a><\/strong>Das weit \u00fcber die Grenzen von Giesel hinaus bekannte Heimatfest zieht allj\u00e4hrlich tausende Besucher an. Auch in diesem Jahr wird ein anspruchsvolles Programm f\u00fcr jung und alt geboten.<\/p>\n<p><strong>Freitag, 07.08.2009<\/strong>, ab 21. 00 Uhr sollen die \u201eMambokingx\u201c und \u201eDJ Angie\u201c f\u00fcr gute Stimmung im Zelt am Festplatz Giesel sorgen.<\/p>\n<p><strong>Samstag, 08.08.2009<\/strong>, ab 20.00 Uhr haben sich \u201eWARRIORS OF ROCK und DJ M\u00c4H\u201c angek\u00fcndigt um eine tolle Musik und Hochstimmung im Festzelt zu erzeugen.<\/p>\n<p><strong>Sonntag, 09.08.2009<\/strong>, um 13.30 Uhr finden der gro\u00dfe und bekannte Festzug mit vielen Motiv wagen und zahlreichen Fu\u00dfgruppen und anschlie\u00dfend das seit 1881 traditionelle Heidelbeerkuchenwettessen im Festzelt statt. Den Festzug werden die Musikkapellen von Istergiesel, Hosenfeld und Giesel begleiten. Im Festzelt wird leckerer Heidelbeerkuchen zum Kauf angeboten. Es spielt der Musikverein \u201eHeimatkl\u00e4nge\u201c Giesel und ab 19.00 Uhr gibt es bei Unterhaltung und sonnt\u00e4glichem Festausklang. An allen Tagen wird fruchtig mundender Heidelbeerwein angeboten.<\/p>\n<p><strong>Montag, 10.08.2009<\/strong>, ab 18.00 Uhr Kesselfleischessen sowie Tanz und Unterhaltung mir der Band \u201eS-team\u201c.<\/p>\n","protected":false},"excerpt":{"rendered":"<div class=\"tmnf_excerpt\"><p>Neuhof-Giesel. Reife Heidelbeeren in den Gieseler W\u00e4ldern und leckerer Heidelbeerkuchen zu Hause oder auch beim B\u00e4cker schon k\u00e4uflich erworben, zeugen vom nahenden Gieseler Heidelbeerfest, das j\u00e4hrlich am 2. Augustwochenende, zum Patronatsfest der Gieseler Pfarrkirche St. Laurentius (10.8.), wieder gefeiert wird. In diesem Jahr steht auch die 50. Wiederkehr der \u201eInthronisation\u201c der ersten Gieseler Heidelbeerk\u00f6nigin &#8211; &hellip;<\/p>\n<\/div>","protected":false},"author":1,"featured_media":0,"comment_status":"closed","ping_status":"closed","sticky":false,"template":"","format":"standard","meta":{"footnotes":""},"categories":[1,44,78],"tags":[],"class_list":["post-35608","post","type-post","status-publish","format-standard","hentry","category-startseite","category-kultur","category-topthema"],"_links":{"self":[{"href":"https:\/\/www.fuldaernachrichten.de\/index.php?rest_route=\/wp\/v2\/posts\/35608","targetHints":{"allow":["GET"]}}],"collection":[{"href":"https:\/\/www.fuldaernachrichten.de\/index.php?rest_route=\/wp\/v2\/posts"}],"about":[{"href":"https:\/\/www.fuldaernachrichten.de\/index.php?rest_route=\/wp\/v2\/types\/post"}],"author":[{"embeddable":true,"href":"https:\/\/www.fuldaernachrichten.de\/index.php?rest_route=\/wp\/v2\/users\/1"}],"replies":[{"embeddable":true,"href":"https:\/\/www.fuldaernachrichten.de\/index.php?rest_route=%2Fwp%2Fv2%2Fcomments&post=35608"}],"version-history":[{"count":6,"href":"https:\/\/www.fuldaernachrichten.de\/index.php?rest_route=\/wp\/v2\/posts\/35608\/revisions"}],"predecessor-version":[{"id":35618,"href":"https:\/\/www.fuldaernachrichten.de\/index.php?rest_route=\/wp\/v2\/posts\/35608\/revisions\/35618"}],"wp:attachment":[{"href":"https:\/\/www.fuldaernachrichten.de\/index.php?rest_route=%2Fwp%2Fv2%2Fmedia&parent=35608"}],"wp:term":[{"taxonomy":"category","embeddable":true,"href":"https:\/\/www.fuldaernachrichten.de\/index.php?rest_route=%2Fwp%2Fv2%2Fcategories&post=35608"},{"taxonomy":"post_tag","embeddable":true,"href":"https:\/\/www.fuldaernachrichten.de\/index.php?rest_route=%2Fwp%2Fv2%2Ftags&post=35608"}],"curies":[{"name":"wp","href":"https:\/\/api.w.org\/{rel}","templated":true}]}}