{"id":3560,"date":"2007-06-10T00:58:43","date_gmt":"2007-06-09T22:58:43","guid":{"rendered":"http:\/\/www.schoene-nachrichten.de\/?p=3560"},"modified":"2007-06-11T00:56:28","modified_gmt":"2007-06-10T22:56:28","slug":"intelligible-gewaltlose-kunst-ausstellungseroeffnung-in-kleinsassen","status":"publish","type":"post","link":"https:\/\/www.fuldaernachrichten.de\/?p=3560","title":{"rendered":"\u201eIntelligible gewaltlose Kunst\u201c &#8211; Ausstellungser\u00f6ffnung in Kleinsassen"},"content":{"rendered":"<p><strong>Sch\u00f6nes aus Kleinsassen.<\/strong> \u201eKunst ist Freiheit und darf nicht verw\u00e4ssert werden von pers\u00f6nlichen Gef\u00fchlsduseleien oder politischen Parolen\u201c, donnert der K\u00fcnstler und H\u00fcnfelder Museumsleiter J\u00fcrgen Blum am Donnerstag in seiner Er\u00f6ffnungsrede \u00fcber die K\u00f6pfe der voll besetzten Ausstellungshalle 3 der Kunststation hinweg.<\/p>\n<p><strong>Fotos (6):<\/strong> Marianne Blum<\/p>\n<p><a rel=\"lightbox[roadtrip]\" target=\"_blank\" href=\"http:\/\/www.schoene-nachrichten.de\/wp-content\/uploads\/2007\/06\/070611_Blum_01.jpg\" title=\"Foto: Marianne Blum\"><img decoding=\"async\" width=\"128\" src=\"http:\/\/www.schoene-nachrichten.de\/wp-content\/uploads\/2007\/06\/070611_Blum_01.thumbnail.jpg\" alt=\"070611_Blum_01.jpg\" \/><\/a> <a rel=\"lightbox[roadtrip]\" target=\"_blank\" href=\"http:\/\/www.schoene-nachrichten.de\/wp-content\/uploads\/2007\/06\/070611_Blum_02.jpg\" title=\"Foto: Marianne Blum\"><img decoding=\"async\" width=\"128\" src=\"http:\/\/www.schoene-nachrichten.de\/wp-content\/uploads\/2007\/06\/070611_Blum_02.thumbnail.jpg\" alt=\"070611_Blum_02.jpg\" \/><\/a> <a rel=\"lightbox[roadtrip]\" target=\"_blank\" href=\"http:\/\/www.schoene-nachrichten.de\/wp-content\/uploads\/2007\/06\/070611_Blum_03.jpg\" title=\"Foto: Marianne Blum\"><img decoding=\"async\" width=\"128\" src=\"http:\/\/www.schoene-nachrichten.de\/wp-content\/uploads\/2007\/06\/070611_Blum_03.thumbnail.jpg\" alt=\"070611_Blum_03.jpg\" \/><\/a><\/p>\n<p><!--more--><\/p>\n<p>\u201eWer politisch sein will, soll das im Leben tun und nicht in der Kunst\u201c, verteidigt er leidenschaftlich diese von den Avantgardisten der konkreten Kunst wie Malewitsch und Stazewski erk\u00e4mpfte Freiheit gegen den Ansturm von Meinungen und Kommentaren, die uns tagt\u00e4glich in den Medien \u201evergewaltigen\u201c. In der Kunst gehe es darum, hinter vermeintliche Wahrheiten zu blicken, ihr eigentliches Gesicht zu zeigen, zum eigenen Denken anzuregen, in einem Wort: es geht darum wirklich frei zu sein.<\/p>\n<p>Die Kunstwerke der 58 K\u00fcnstler aus Deutschland, \u00d6sterreich, Polen und Israel, die die Ausstellung \u201eIntelligible gewaltlose Kunst\u201c als Kollektiv erarbeitet und zusammengestellt haben, verwirklichen diese Freiheit auff\u00e4llig oft mit Hilfe von Worten und Bedeutungen, die ihre optische Wirkung durch ihre ganz spezielle Form der Gestaltung und durch die Platzierung der Werke im Raum erzielen. Wenn Klaus Groh z.B. mit schwarzen Buchstaben \u201eTry\u201c, \u201eYes!\u201c \u201eSoo?\u201c usw. auf eine Reihe Spiegelquadrate schreibt, in denen sich der Betrachter vielfach gespiegelt selbst sieht oder wenn bei Heinz Gappmayr auf der leeren Seite eines aufgeschlagenen Buches, das auf einem Notenst\u00e4nder steht, \u201eSpace\u201c zu lesen ist.<\/p>\n<p><a rel=\"lightbox[roadtrip]\" target=\"_blank\" href=\"http:\/\/www.schoene-nachrichten.de\/wp-content\/uploads\/2007\/06\/070611_Blum_04.jpg\" title=\"Foto: Marianne Blum\"><img decoding=\"async\" width=\"128\" src=\"http:\/\/www.schoene-nachrichten.de\/wp-content\/uploads\/2007\/06\/070611_Blum_04.thumbnail.jpg\" alt=\"070611_Blum_04.jpg\" \/><\/a> <a rel=\"lightbox[roadtrip]\" target=\"_blank\" href=\"http:\/\/www.schoene-nachrichten.de\/wp-content\/uploads\/2007\/06\/070611_Blum_05.jpg\" title=\"Foto: Marianne Blum\"><img decoding=\"async\" width=\"128\" src=\"http:\/\/www.schoene-nachrichten.de\/wp-content\/uploads\/2007\/06\/070611_Blum_05.thumbnail.jpg\" alt=\"070611_Blum_05.jpg\" \/><\/a> <a rel=\"lightbox[roadtrip]\" target=\"_blank\" href=\"http:\/\/www.schoene-nachrichten.de\/wp-content\/uploads\/2007\/06\/070611_Blum_06.jpg\" title=\"Foto: Marianne Blum\"><img decoding=\"async\" width=\"128\" src=\"http:\/\/www.schoene-nachrichten.de\/wp-content\/uploads\/2007\/06\/070611_Blum_06.thumbnail.jpg\" alt=\"070611_Blum_06.jpg\" \/><\/a><\/p>\n<p>Worte sind auch das Thema der Lyrikerin Nora Gomringer, die mit einer Lesung ganz anderer Art das Vernissagenpublikum auf den Kunstgenuss einstimmt. Wortreich aber auch lakonisch, stimmgewaltig und wortm\u00e4chtig, witzig und hintersinnig, gibt die Gewinnerin zahlreicher poetry-slams, der unter anderem auch der Bayrische Kunstf\u00f6rderpreis verliehen wurde und die zu den erfolgreichsten \u201eSpoken-Word-Poeten\u201c z\u00e4hlt, Kostproben ihrer Schreibe zum Besten.<\/p>\n<p>Und wie sie das tut, das ist ein Erlebnis. In allen Tonlagen und Tempi, ohne Scheu vor Grimassen und unter Einbeziehung von Wolfsgeheul und Lautmalerei stellt sie in ihren Gedichten Fragen, macht sich Gedanken zum Gedankenmachen, f\u00fchrt \u00c4rger vor und Selbstgerechtheit, erzeugt \u00fcberzeugend Gef\u00fchle und spielt mit Sinn und Unsinn sprachlicher Wendungen wie ein Jongleur. Das Publikum h\u00e4ngt gebannt an ihren Lippen und dankt mit lang anhaltendem Applaus.<\/p>\n<p>Die Kunstwerke der Ausstellung \u201eIntelligible gewaltlose Kunst\u201c wirken geradezu kontemplativ gegen diese Vorstellung. Doch genau das sollen sie auch sein. \u201eDas Werk ist Nebensache\u201c, gibt Blum den Besuchern noch mit auf den Weg, \u201ees ist ein Schritt auf dem Weg hin zu einem Gedanken\u201c.<\/p>\n<p>Die Ausstellung \u201eIntelligible Kunst\u201c wurde in Zusammenarbeit mit dem internationalen Kongresszentrum \u201eVienna\u201c in Wien entwickelt und wurde bereits in der Galerie \u201eAtlas-Sztuki\u201c in Lodz\/ Polen ausgestellt, ein weiterer Ausstellungstermin im Israel Museum in Jerusalem folgt noch.<\/p>\n<p>In Kleinsassen ist die Ausstellung noch bis zum 5. August zu sehen. Regelm\u00e4\u00dfige \u00d6ffnungszeiten der Kunststation und des Caf\u00e9s: Di &#8211; So 13 &#8211; 18 Uhr. Eintritt: 1,50 \u00e2\u201a\u00ac, Kinder und Sch\u00fcler frei, F\u00fchrungen nach Vereinbarung. Zur Ausstellung ist ein Katalog erschienen, der in der Kunststation und im Museum Modern Art in H\u00fcnfeld erh\u00e4ltlich ist.<\/p>\n<p>Das Buch \u201eSag doch mal was zur Nacht\u201c von Nora Gomringer ist bei Voland &amp; Quist erschienen und \u00fcber den Buchhandel zu beziehen.<\/p>\n","protected":false},"excerpt":{"rendered":"<div class=\"tmnf_excerpt\"><p>Sch\u00f6nes aus Kleinsassen. \u201eKunst ist Freiheit und darf nicht verw\u00e4ssert werden von pers\u00f6nlichen Gef\u00fchlsduseleien oder politischen Parolen\u201c, donnert der K\u00fcnstler und H\u00fcnfelder Museumsleiter J\u00fcrgen Blum am Donnerstag in seiner Er\u00f6ffnungsrede \u00fcber die K\u00f6pfe der voll besetzten Ausstellungshalle 3 der Kunststation hinweg. Fotos (6): Marianne Blum<\/p>\n<\/div>","protected":false},"author":1,"featured_media":0,"comment_status":"closed","ping_status":"closed","sticky":false,"template":"","format":"standard","meta":{"footnotes":""},"categories":[1,44],"tags":[],"class_list":["post-3560","post","type-post","status-publish","format-standard","hentry","category-startseite","category-kultur"],"_links":{"self":[{"href":"https:\/\/www.fuldaernachrichten.de\/index.php?rest_route=\/wp\/v2\/posts\/3560","targetHints":{"allow":["GET"]}}],"collection":[{"href":"https:\/\/www.fuldaernachrichten.de\/index.php?rest_route=\/wp\/v2\/posts"}],"about":[{"href":"https:\/\/www.fuldaernachrichten.de\/index.php?rest_route=\/wp\/v2\/types\/post"}],"author":[{"embeddable":true,"href":"https:\/\/www.fuldaernachrichten.de\/index.php?rest_route=\/wp\/v2\/users\/1"}],"replies":[{"embeddable":true,"href":"https:\/\/www.fuldaernachrichten.de\/index.php?rest_route=%2Fwp%2Fv2%2Fcomments&post=3560"}],"version-history":[{"count":0,"href":"https:\/\/www.fuldaernachrichten.de\/index.php?rest_route=\/wp\/v2\/posts\/3560\/revisions"}],"wp:attachment":[{"href":"https:\/\/www.fuldaernachrichten.de\/index.php?rest_route=%2Fwp%2Fv2%2Fmedia&parent=3560"}],"wp:term":[{"taxonomy":"category","embeddable":true,"href":"https:\/\/www.fuldaernachrichten.de\/index.php?rest_route=%2Fwp%2Fv2%2Fcategories&post=3560"},{"taxonomy":"post_tag","embeddable":true,"href":"https:\/\/www.fuldaernachrichten.de\/index.php?rest_route=%2Fwp%2Fv2%2Ftags&post=3560"}],"curies":[{"name":"wp","href":"https:\/\/api.w.org\/{rel}","templated":true}]}}