{"id":35555,"date":"2009-08-03T06:29:43","date_gmt":"2009-08-03T04:29:43","guid":{"rendered":"http:\/\/www.schoene-nachrichten.de\/?p=35555"},"modified":"2009-08-03T08:23:04","modified_gmt":"2009-08-03T06:23:04","slug":"gemeinsamer-ferienspass-ferienfreizeiten-der-stadt-fulda-kommen-gut-an","status":"publish","type":"post","link":"https:\/\/www.fuldaernachrichten.de\/?p=35555","title":{"rendered":"Gemeinsamer Ferienspa\u00df &#8211; Ferienfreizeiten der Stadt Fulda kommen gut an"},"content":{"rendered":"<p><strong>Fulda (cp).<\/strong> Die erste H\u00e4lfte der Sommerferien ist bereits vorbei, aber den Fuldaer Kindern stehen noch drei Wochen Spiel und Spa\u00df bevor. Besonders beliebt sind auch dieses Jahr wieder die vielf\u00e4ltigen Angebote der Ferienfreizeiten der Stadt Fulda, die in den vergangenen Wochen schon gro\u00dfen Anklang gefunden haben. \u201eEs freut uns sehr, dass wieder so viele begeisterte Kinder bei unseren Aktionen mitmachen\u201c, erkl\u00e4rte B\u00fcrgermeister und Jugenddezernent Dr. Wolfgang Dippel. Das gemeinsame Spielen, Erleben und Entdecken sei sehr sch\u00f6n und wichtig f\u00fcr die Kinder.<\/p>\n<p><a href=\"http:\/\/www.schoene-nachrichten.de\/wp-content\/uploads\/2009\/07\/Stadtranderholung2.jpg\"><img fetchpriority=\"high\" decoding=\"async\" class=\"alignnone size-thumbnail wp-image-35556\" title=\"Magistratspressestelle\" src=\"http:\/\/www.schoene-nachrichten.de\/wp-content\/uploads\/2009\/07\/Stadtranderholung2-265x198.jpg\" alt=\"Magistratspressestelle\" width=\"265\" height=\"198\" srcset=\"https:\/\/www.fuldaernachrichten.de\/wp-content\/uploads\/2009\/07\/Stadtranderholung2-265x198.jpg 265w, https:\/\/www.fuldaernachrichten.de\/wp-content\/uploads\/2009\/07\/Stadtranderholung2.jpg 800w\" sizes=\"(max-width: 265px) 100vw, 265px\" \/><\/a> <a href=\"http:\/\/www.schoene-nachrichten.de\/wp-content\/uploads\/2009\/07\/Kanufahren_Ferienkalender.jpg\"><img decoding=\"async\" class=\"alignnone size-thumbnail wp-image-35557\" title=\"Magistratspressestelle\" src=\"http:\/\/www.schoene-nachrichten.de\/wp-content\/uploads\/2009\/07\/Kanufahren_Ferienkalender-265x198.jpg\" alt=\"Magistratspressestelle\" width=\"265\" height=\"198\" srcset=\"https:\/\/www.fuldaernachrichten.de\/wp-content\/uploads\/2009\/07\/Kanufahren_Ferienkalender-265x198.jpg 265w, https:\/\/www.fuldaernachrichten.de\/wp-content\/uploads\/2009\/07\/Kanufahren_Ferienkalender.jpg 800w\" sizes=\"(max-width: 265px) 100vw, 265px\" \/><\/a><!--more--><\/p>\n<p><strong>\u201eStadtranderholung\u201c <\/strong><\/p>\n<p>Ein besonderer H\u00f6hepunkt des Fuldaer Ferienprogramms ist jedes Jahr die Stadtranderholung, an dem Kinder im Alter von 6-9 Jahren teilnehmen k\u00f6nnen. Die Jungen und M\u00e4dchen hatten sich am ersten Ferientag getroffen, um ihre neuen Spielkameraden und ihre Betreuer f\u00fcr die n\u00e4chsten zwei Wochen kennen zu lernen. Zusammen unternahmen sie viele tolle Ausfl\u00fcge und spielten die unterschiedlichsten\u00c2\u00a0 Spiele miteinander. Dazu geh\u00f6rten unter anderem der Ausflug ans Gerloser H\u00e4uschen, der Besuch des Steinauer Erlebnisparks, Pizzabacken am Feuerloch und Toben am Wasserspielplatz. Nat\u00fcrlich durfte auch eine gemeinsame \u00dcbernachtung in der Turnhalle der Domschule mit Zaubervorf\u00fchrung und anschlie\u00dfendem Kinderkino nicht fehlen. Alle Kinder hatten sehr viel Spa\u00df, waren aber auch ein wenig traurig, dass die \u201eStadtranderholung\u201c nach zwei Wochen schon wieder vorbei gewesen ist.<\/p>\n<p><a href=\"http:\/\/www.schoene-nachrichten.de\/wp-content\/uploads\/2009\/07\/Baseball_Ferienkalender.jpg\"><img decoding=\"async\" class=\"alignnone size-thumbnail wp-image-35558\" title=\"Magistratspressestelle\" src=\"http:\/\/www.schoene-nachrichten.de\/wp-content\/uploads\/2009\/07\/Baseball_Ferienkalender-265x176.jpg\" alt=\"Magistratspressestelle\" width=\"265\" height=\"176\" srcset=\"https:\/\/www.fuldaernachrichten.de\/wp-content\/uploads\/2009\/07\/Baseball_Ferienkalender-265x176.jpg 265w, https:\/\/www.fuldaernachrichten.de\/wp-content\/uploads\/2009\/07\/Baseball_Ferienkalender.jpg 902w\" sizes=\"(max-width: 265px) 100vw, 265px\" \/><\/a> <a href=\"http:\/\/www.schoene-nachrichten.de\/wp-content\/uploads\/2009\/07\/Stadtranderholung1.jpg\"><img loading=\"lazy\" decoding=\"async\" class=\"alignnone size-thumbnail wp-image-35559\" title=\"Magistratspressestelle\" src=\"http:\/\/www.schoene-nachrichten.de\/wp-content\/uploads\/2009\/07\/Stadtranderholung1-265x198.jpg\" alt=\"Magistratspressestelle\" width=\"265\" height=\"198\" srcset=\"https:\/\/www.fuldaernachrichten.de\/wp-content\/uploads\/2009\/07\/Stadtranderholung1-265x198.jpg 265w, https:\/\/www.fuldaernachrichten.de\/wp-content\/uploads\/2009\/07\/Stadtranderholung1.jpg 800w\" sizes=\"(max-width: 265px) 100vw, 265px\" \/><\/a><\/p>\n<p><strong>\u201eGespenster\u201c, \u201ePiraten\u201c und jede Menge Spa\u00df <\/strong><\/p>\n<p>Neben der \u201eStadtranderholung\u201c haben noch zahlreiche weitere Aktionen des Ferienprogramms der Stadt Fulda stattgefunden. Bei der Burgfreizeit \u201eStarke Schlossgespenster\u201c auf der Starkenburg in Heppenheim verkleideten sich die 10-12 Jahre alten Kinder vom 19. bis 26. Juli zum Beispiel als Gespenster, machten eine Nachtwanderung und schauten sich eine Greifvogelschau aus der N\u00e4he an. Au\u00dferdem konnten die Kinder an einer Reiterfreizeit und einem \u201ePiratenlager\u201c, bei dem sie unter anderem als Piraten verkleidet auf Schatzsuche gegangen sind, teilnehmen.<\/p>\n<p>Aufregend war f\u00fcr die teilnehmenden Kinder sicherlich auch die Aktion \u201eDie Rh\u00f6n ist sch\u00f6n\u201c in Hilders, bei der sie mit Wandern, Schwimmen, Grillen, Fu\u00dfballspielen, Basteln und Spielen ein umfangreiches Programm hatten. Der Ferienkalender, der im gesamten Ferienzeitraum Tagesaktionen rund um die Stadt Fulda beinhaltet, wird von den Kindern auch begeistert angenommen. Bisher sind die 8-14 Jahre alten Sch\u00fclerinnen und Sch\u00fcler unter anderem schon auf GPS-Schatzsuche gegangen und Kanu gefahren, haben einen Rh\u00f6nsch\u00e4fer, die Schokokussfabrik und die Feuerwehr besucht, ein Baseballschnuppertraining mitgemacht und an einem Kletterworkshop teilgenommen.<\/p>\n","protected":false},"excerpt":{"rendered":"<div class=\"tmnf_excerpt\"><p>Fulda (cp). Die erste H\u00e4lfte der Sommerferien ist bereits vorbei, aber den Fuldaer Kindern stehen noch drei Wochen Spiel und Spa\u00df bevor. Besonders beliebt sind auch dieses Jahr wieder die vielf\u00e4ltigen Angebote der Ferienfreizeiten der Stadt Fulda, die in den vergangenen Wochen schon gro\u00dfen Anklang gefunden haben. \u201eEs freut uns sehr, dass wieder so viele &hellip;<\/p>\n<\/div>","protected":false},"author":1,"featured_media":0,"comment_status":"closed","ping_status":"closed","sticky":false,"template":"","format":"standard","meta":{"footnotes":""},"categories":[1,72,44,46],"tags":[],"class_list":["post-35555","post","type-post","status-publish","format-standard","hentry","category-startseite","category-jugend","category-kultur","category-sport"],"_links":{"self":[{"href":"https:\/\/www.fuldaernachrichten.de\/index.php?rest_route=\/wp\/v2\/posts\/35555","targetHints":{"allow":["GET"]}}],"collection":[{"href":"https:\/\/www.fuldaernachrichten.de\/index.php?rest_route=\/wp\/v2\/posts"}],"about":[{"href":"https:\/\/www.fuldaernachrichten.de\/index.php?rest_route=\/wp\/v2\/types\/post"}],"author":[{"embeddable":true,"href":"https:\/\/www.fuldaernachrichten.de\/index.php?rest_route=\/wp\/v2\/users\/1"}],"replies":[{"embeddable":true,"href":"https:\/\/www.fuldaernachrichten.de\/index.php?rest_route=%2Fwp%2Fv2%2Fcomments&post=35555"}],"version-history":[{"count":4,"href":"https:\/\/www.fuldaernachrichten.de\/index.php?rest_route=\/wp\/v2\/posts\/35555\/revisions"}],"predecessor-version":[{"id":35624,"href":"https:\/\/www.fuldaernachrichten.de\/index.php?rest_route=\/wp\/v2\/posts\/35555\/revisions\/35624"}],"wp:attachment":[{"href":"https:\/\/www.fuldaernachrichten.de\/index.php?rest_route=%2Fwp%2Fv2%2Fmedia&parent=35555"}],"wp:term":[{"taxonomy":"category","embeddable":true,"href":"https:\/\/www.fuldaernachrichten.de\/index.php?rest_route=%2Fwp%2Fv2%2Fcategories&post=35555"},{"taxonomy":"post_tag","embeddable":true,"href":"https:\/\/www.fuldaernachrichten.de\/index.php?rest_route=%2Fwp%2Fv2%2Ftags&post=35555"}],"curies":[{"name":"wp","href":"https:\/\/api.w.org\/{rel}","templated":true}]}}