{"id":3555,"date":"2007-06-10T00:58:29","date_gmt":"2007-06-09T22:58:29","guid":{"rendered":"http:\/\/www.schoene-nachrichten.de\/?p=3555"},"modified":"2007-06-10T01:01:29","modified_gmt":"2007-06-09T23:01:29","slug":"vortrag-ueber-das-stift-wallenstein","status":"publish","type":"post","link":"https:\/\/www.fuldaernachrichten.de\/?p=3555","title":{"rendered":"Vortrag \u00fcber das Stift Wallenstein"},"content":{"rendered":"<p><strong>Termin.<\/strong> Der Fuldaer Geschichtsverein l\u00e4dt am Donnerstag, dem 14. Juni, zu einem Vortrag ein. Die Referentin, Dr. Margret Lemberg aus Marburg, die vor kurzem ein Buch \u00fcber das Stift Wallenstein ver\u00f6ffentlich hat, verfolgt in ihrem Vortrag den spannenden Weg des Stifts und erl\u00e4utert seine kulturgeschichtliche Bedeutung durch zahlreiche Bilder. Beginn ist um\u00c2\u00a019.30 Uhr im Vortragssaal des Vonderau Museums. Im Anschluss an\u00c2\u00a0den Vortrag schlie\u00dft sich eine kleine Exkursion zum Stift Wallenstein an, um den Kapitelsaal zu besichtigen.<\/p>\n<p><!--more-->Unter den Barockpal\u00e4sten in Fulda zeichnet sich einer durch seine Lage neben dem Dom und durch seine Vergangenheit besonders aus. Hier wohnte nicht nur der letzte F\u00fcrstbischof, nachdem er das Stadtschloss verlassen musste, sondern das von einer hohen Mauer umgebene Haus war auch von 1832 bis in unsere Tage der Sitz des \u201eFreiadligen Damenstifts Wallenstein\u201c. Das 1759 in Homberg\/Efze gegr\u00fcndete evangelische Stift war nicht nur der Treffpunkt des Adels und des evangelischen B\u00fcrgertums am Ort und aus der Umgebung, sondern wurde in Fulda auch zur Quelle der evangelischen Sozialarbeit am Ende des 19. Jahrhunderts.<\/p>\n<p>Bedeutende Stiftsdamen, Marianne vom Stein und Wilhelmine von Gilsa, waren \u00fcber Jahrzehnte hin in Homberg als Dechantin und \u00c4btissin die bestimmenden Personen, denen das Wohlergeben des Stifts zu verdanken ist, aber auch dessen Beteiligung am Aufstand gegen K\u00f6nig J\u00e9r\u00e1\u00bb\u2122me Napol\u00e9on im Jahre 1809. Beide wurden verhaftet, erst nach Kassel dann nach Mainz verschleppt und Marianne vom Stein weiter nach Paris; das Stift und sein reicher Besitz wurden beschlagnahmt. Nach 1814 betrieb Marianne vom Stein energisch den Wiederaufbau.<\/p>\n<p>1832 verlegte das Stift seinen Sitz nach Fulda und wandelte sich hier von einer Wohn- und Versorgungsst\u00e4tte adliger Damen unter der umsichtigen \u00c4btissin Caroline von Gilsa zu einem Musenhof. Nach dem Kulturkampf \u00fcbernahm das Stift unter der energischen \u00c4btissin Ida von Hammerstein-Equord soziale Aufgaben und wurde zu einer Bastion des evangelischen Glaubens in einer weitgehend katholischen Umgebung.<\/p>\n","protected":false},"excerpt":{"rendered":"<div class=\"tmnf_excerpt\"><p>Termin. Der Fuldaer Geschichtsverein l\u00e4dt am Donnerstag, dem 14. Juni, zu einem Vortrag ein. Die Referentin, Dr. Margret Lemberg aus Marburg, die vor kurzem ein Buch \u00fcber das Stift Wallenstein ver\u00f6ffentlich hat, verfolgt in ihrem Vortrag den spannenden Weg des Stifts und erl\u00e4utert seine kulturgeschichtliche Bedeutung durch zahlreiche Bilder. Beginn ist um\u00c2\u00a019.30 Uhr im Vortragssaal &hellip;<\/p>\n<\/div>","protected":false},"author":1,"featured_media":0,"comment_status":"closed","ping_status":"closed","sticky":false,"template":"","format":"standard","meta":{"footnotes":""},"categories":[1,53,50,44],"tags":[],"class_list":["post-3555","post","type-post","status-publish","format-standard","hentry","category-startseite","category-bildung","category-kirche","category-kultur"],"_links":{"self":[{"href":"https:\/\/www.fuldaernachrichten.de\/index.php?rest_route=\/wp\/v2\/posts\/3555","targetHints":{"allow":["GET"]}}],"collection":[{"href":"https:\/\/www.fuldaernachrichten.de\/index.php?rest_route=\/wp\/v2\/posts"}],"about":[{"href":"https:\/\/www.fuldaernachrichten.de\/index.php?rest_route=\/wp\/v2\/types\/post"}],"author":[{"embeddable":true,"href":"https:\/\/www.fuldaernachrichten.de\/index.php?rest_route=\/wp\/v2\/users\/1"}],"replies":[{"embeddable":true,"href":"https:\/\/www.fuldaernachrichten.de\/index.php?rest_route=%2Fwp%2Fv2%2Fcomments&post=3555"}],"version-history":[{"count":0,"href":"https:\/\/www.fuldaernachrichten.de\/index.php?rest_route=\/wp\/v2\/posts\/3555\/revisions"}],"wp:attachment":[{"href":"https:\/\/www.fuldaernachrichten.de\/index.php?rest_route=%2Fwp%2Fv2%2Fmedia&parent=3555"}],"wp:term":[{"taxonomy":"category","embeddable":true,"href":"https:\/\/www.fuldaernachrichten.de\/index.php?rest_route=%2Fwp%2Fv2%2Fcategories&post=3555"},{"taxonomy":"post_tag","embeddable":true,"href":"https:\/\/www.fuldaernachrichten.de\/index.php?rest_route=%2Fwp%2Fv2%2Ftags&post=3555"}],"curies":[{"name":"wp","href":"https:\/\/api.w.org\/{rel}","templated":true}]}}