{"id":35549,"date":"2009-08-03T06:30:38","date_gmt":"2009-08-03T04:30:38","guid":{"rendered":"http:\/\/www.schoene-nachrichten.de\/?p=35549"},"modified":"2009-08-03T08:21:50","modified_gmt":"2009-08-03T06:21:50","slug":"eindaemmung-der-herkulesstaude","status":"publish","type":"post","link":"https:\/\/www.fuldaernachrichten.de\/?p=35549","title":{"rendered":"Eind\u00e4mmung der Herkulesstaude"},"content":{"rendered":"<p><a href=\"http:\/\/www.schoene-nachrichten.de\/wp-content\/uploads\/2009\/07\/S6000236.jpg\"><img fetchpriority=\"high\" decoding=\"async\" class=\"alignnone size-thumbnail wp-image-35550\" title=\"Magistratspressestelle\" src=\"http:\/\/www.schoene-nachrichten.de\/wp-content\/uploads\/2009\/07\/S6000236-265x198.jpg\" alt=\"Magistratspressestelle\" hspace=\"5\" width=\"265\" height=\"198\" align=\"left\" srcset=\"https:\/\/www.fuldaernachrichten.de\/wp-content\/uploads\/2009\/07\/S6000236-265x198.jpg 265w, https:\/\/www.fuldaernachrichten.de\/wp-content\/uploads\/2009\/07\/S6000236.jpg 800w\" sizes=\"(max-width: 265px) 100vw, 265px\" \/><\/a><strong>Fulda (cp). <\/strong>Wie jedes Jahr fallen die Herkulesstauden im Juli besonders wegen ihrer enormen H\u00f6he und den gro\u00dfen, wei\u00dfen Bl\u00fcten auf. Die Hauptverbreitung der mehrj\u00e4hrigen Pflanze ist entlang der Ufer der Fulda und der Bachl\u00e4ufe. Betroffen sind aber auch Stra\u00dfenb\u00f6schungen, Banketten von Rad- und Fu\u00dfwegen, verwilderte Grundst\u00fccke, G\u00e4rten und Gr\u00fcnanlagen. Stellenweise treten die Pflanzen sogar auf Ackerfl\u00e4chen und Weiden auf.<!--more--><\/p>\n<p><strong>Kontakt vermeiden<\/strong><\/p>\n<p>Durch den Kontakt mit dem Pflanzensaft treten in Verbindung mit dem Sonnenlicht zum Teil schwerwiegende Hautverbrennungen auf. Daher sollte jeder Hautkontakt mit der Pflanze und dem Pflanzensaft vermieden werden. Wurde die Pflanze doch ber\u00fchrt, darf die betroffene Hautpartie keinesfalls dem Sonnenlicht ausgesetzt werden. Deshalb m\u00fcssen bei der Eind\u00e4mmung immer Handschuhe und geschlossene Kleidung getragen und die Arbeiten m\u00f6glichst nicht bei Sonnenschein durchgef\u00fchrt werden.<\/p>\n<p><strong>Methoden der Eind\u00e4mmung<\/strong><\/p>\n<p>Um die Herkulesstaude erfolgreich einzud\u00e4mmen, gibt es nur zwei Methoden: Erstens das Ausgraben der Pflanzen von April bis zum Einsetzen der Frostperiode und zweitens das Entfernen des Samenstandes im Juli, wenn die Hauptdolde bereits schwere Samen angesetzt hat und sich langsam gelb verf\u00e4rbt. Alle anderen Methoden f\u00fchren nicht zum Absterben der Pflanzen sondern f\u00f6rdern vielfach die weitere Verbreitung. M\u00e4hen n\u00fctzt \u00fcberhaupt nichts. Im April, wenn die jungen Herkulesstauden austreiben, kann die Bek\u00e4mpfung am leichtesten erfolgen, da sich noch keine gro\u00dfe \u201eWurzelknolle\u201c gebildet hat. Die ausgegrabenen Pfl\u00e4nzchen m\u00fcssen dann mit Wurzel trocknen und k\u00f6nnen dann in den Restm\u00fcll gegeben werden. Ab Mai\/Juni und August\/bis zum Frost muss die \u201eWurzelknolle\u201c mit ausgegraben werden, um die gr\u00f6\u00dferen Pflanzen erfolgreich zu bek\u00e4mpfen. Auch diese werden dann getrocknet und in den Restm\u00fcll gegeben. Ab Mitte Juli werden die Samenst\u00e4nde geerntet, wenn die Mitteldolden bereits schwere gr\u00fcne Samen angesetzt haben. Sp\u00e4testens mit dem Beginn der Gelbf\u00e4rbung m\u00fcssen die Samenst\u00e4nde mit allen Nebenbl\u00fcten geschnitten werden. Die Pflanze selbst muss nicht entfernt werden, da diese im Herbst abstirbt. Die Samenst\u00e4nde sollten verbrannt bzw. der M\u00fcllverbrennung zugef\u00fchrt werden. Dazu die Samen in eine Plastikt\u00fcte geben und verschlie\u00dfen, um eine Verbreitung auf dem Transportweg zu vermeiden.<\/p>\n<p><a href=\"http:\/\/www.schoene-nachrichten.de\/wp-content\/uploads\/2009\/07\/Bild+019.jpg\"><img decoding=\"async\" class=\"alignnone size-thumbnail wp-image-35551\" title=\"Magistratspressestelle\" src=\"http:\/\/www.schoene-nachrichten.de\/wp-content\/uploads\/2009\/07\/Bild+019-265x176.jpg\" alt=\"Magistratspressestelle\" width=\"265\" height=\"176\" srcset=\"https:\/\/www.fuldaernachrichten.de\/wp-content\/uploads\/2009\/07\/Bild+019-265x176.jpg 265w, https:\/\/www.fuldaernachrichten.de\/wp-content\/uploads\/2009\/07\/Bild+019.jpg 900w\" sizes=\"(max-width: 265px) 100vw, 265px\" \/><\/a> <a href=\"http:\/\/www.schoene-nachrichten.de\/wp-content\/uploads\/2009\/07\/Bild+021.jpg\"><img decoding=\"async\" class=\"alignnone size-thumbnail wp-image-35552\" title=\"Magistratspressestelle\" src=\"http:\/\/www.schoene-nachrichten.de\/wp-content\/uploads\/2009\/07\/Bild+021-265x176.jpg\" alt=\"Magistratspressestelle\" width=\"265\" height=\"176\" srcset=\"https:\/\/www.fuldaernachrichten.de\/wp-content\/uploads\/2009\/07\/Bild+021-265x176.jpg 265w, https:\/\/www.fuldaernachrichten.de\/wp-content\/uploads\/2009\/07\/Bild+021.jpg 900w\" sizes=\"(max-width: 265px) 100vw, 265px\" \/><\/a><\/p>\n<p><strong>Kontrollen und Eind\u00e4mmung durch die Stadt<\/strong><\/p>\n<p>Alle behandelten Fl\u00e4chen sind nat\u00fcrlich auf Nachbl\u00fcten und Neuaustrieb zu kontrollieren, um in diesem Falle nochmals t\u00e4tig zu werden. Die Stadt Fulda selbst d\u00e4mmt die Herkulesstaude nur im Umfeld von Schulen, Spielpl\u00e4tzen und Kindertagest\u00e4tten ein. Ebenso werden ausschlie\u00dflich Gefahrenpunkte an Geh- und Radwegen sowie in Gr\u00fcnanlagen bearbeitet. Best\u00e4nde im Au\u00dfenbereich &#8211; insbesondere entlang der Gew\u00e4sser &#8211; werden nur bei Notwendigkeit bek\u00e4mpft. Sollten den B\u00fcrgerinnen und B\u00fcrgern Einzelpflanzen oder kleinere Best\u00e4nde auffallen, die an Wegen oder an Fl\u00e4chen stehen und leicht unbeabsichtigt ber\u00fchrt werden k\u00f6nnen, k\u00f6nnen die Pflanzen mit m\u00f6glichst genauer Ortsangabe an das Umwelttelefon unter Tel.: 0661 \/ 102 17 77 gemeldet werden. Die Angaben werden dann \u00fcberpr\u00fcft und bei Bedarf wird das Gr\u00fcnfl\u00e4chen-, Umwelt- und Friedhofsamt der Stadt Fulda t\u00e4tig.<\/p>\n","protected":false},"excerpt":{"rendered":"<div class=\"tmnf_excerpt\"><p>Fulda (cp). Wie jedes Jahr fallen die Herkulesstauden im Juli besonders wegen ihrer enormen H\u00f6he und den gro\u00dfen, wei\u00dfen Bl\u00fcten auf. Die Hauptverbreitung der mehrj\u00e4hrigen Pflanze ist entlang der Ufer der Fulda und der Bachl\u00e4ufe. Betroffen sind aber auch Stra\u00dfenb\u00f6schungen, Banketten von Rad- und Fu\u00dfwegen, verwilderte Grundst\u00fccke, G\u00e4rten und Gr\u00fcnanlagen. Stellenweise treten die Pflanzen sogar &hellip;<\/p>\n<\/div>","protected":false},"author":1,"featured_media":0,"comment_status":"closed","ping_status":"closed","sticky":false,"template":"","format":"standard","meta":{"footnotes":""},"categories":[1,51,29,52],"tags":[],"class_list":["post-35549","post","type-post","status-publish","format-standard","hentry","category-startseite","category-medizin","category-politik","category-umwelt"],"_links":{"self":[{"href":"https:\/\/www.fuldaernachrichten.de\/index.php?rest_route=\/wp\/v2\/posts\/35549","targetHints":{"allow":["GET"]}}],"collection":[{"href":"https:\/\/www.fuldaernachrichten.de\/index.php?rest_route=\/wp\/v2\/posts"}],"about":[{"href":"https:\/\/www.fuldaernachrichten.de\/index.php?rest_route=\/wp\/v2\/types\/post"}],"author":[{"embeddable":true,"href":"https:\/\/www.fuldaernachrichten.de\/index.php?rest_route=\/wp\/v2\/users\/1"}],"replies":[{"embeddable":true,"href":"https:\/\/www.fuldaernachrichten.de\/index.php?rest_route=%2Fwp%2Fv2%2Fcomments&post=35549"}],"version-history":[{"count":3,"href":"https:\/\/www.fuldaernachrichten.de\/index.php?rest_route=\/wp\/v2\/posts\/35549\/revisions"}],"predecessor-version":[{"id":35621,"href":"https:\/\/www.fuldaernachrichten.de\/index.php?rest_route=\/wp\/v2\/posts\/35549\/revisions\/35621"}],"wp:attachment":[{"href":"https:\/\/www.fuldaernachrichten.de\/index.php?rest_route=%2Fwp%2Fv2%2Fmedia&parent=35549"}],"wp:term":[{"taxonomy":"category","embeddable":true,"href":"https:\/\/www.fuldaernachrichten.de\/index.php?rest_route=%2Fwp%2Fv2%2Fcategories&post=35549"},{"taxonomy":"post_tag","embeddable":true,"href":"https:\/\/www.fuldaernachrichten.de\/index.php?rest_route=%2Fwp%2Fv2%2Ftags&post=35549"}],"curies":[{"name":"wp","href":"https:\/\/api.w.org\/{rel}","templated":true}]}}