{"id":3552,"date":"2007-06-08T23:23:59","date_gmt":"2007-06-08T21:23:59","guid":{"rendered":"http:\/\/www.schoene-nachrichten.de\/?p=3552"},"modified":"2007-06-08T23:23:59","modified_gmt":"2007-06-08T21:23:59","slug":"kindertag-am-16-juni-im-buergerhaus-loeschenrod","status":"publish","type":"post","link":"https:\/\/www.fuldaernachrichten.de\/?p=3552","title":{"rendered":"Kindertag am 16. Juni im B\u00fcrgerhaus L\u00f6schenrod"},"content":{"rendered":"<p><strong><a rel=\"lightbox[roadtrip]\" target=\"_blank\" href=\"http:\/\/www.schoene-nachrichten.de\/wp-content\/uploads\/2007\/06\/070608_loschenrod.jpg\" title=\"070608_loschenrod.jpg\"><img decoding=\"async\" align=\"left\" src=\"http:\/\/www.schoene-nachrichten.de\/wp-content\/uploads\/2007\/06\/070608_loschenrod.thumbnail.jpg\" hspace=\"5\" alt=\"070608_loschenrod.jpg\" \/><\/a>Sch\u00f6nes aus L\u00f6schenrod.<\/strong> Anl\u00e4sslich der Wiederer\u00f6ffnung des B\u00fcrgerhaus L\u00f6schenrod laden die Gemeinde Eichenzell und der Ortsbeirat L\u00f6schenrod zu einem Kindertag in das neu gestaltet und erweiterte Gemeinschaftshaus ein. Am Samstag, den 16. Juni, bieten die Veranstalter ab 15.00 Uhr ein kostenfreies Programm f\u00fcr Kinder und Eltern an. Er\u00f6ffnet wird der Nachmittag mit Didis Magic Show \u2013 ein Zauberspa\u00df f\u00fcr Kinder von 4 bis 8 Jahren.<!--more--><\/p>\n<p>Didi Saxer hat&#8217;s drauf. Er kann mit den \u201eKids\u201c kommunizieren. Sensibel h\u00e4lt er sein junges Publikum in erwartungsvoller Aufmerksamkeit, geschickt legt er albernd Verschnaufpausen ein bevor ein Kunstst\u00fcck wieder erh\u00f6hte Konzentration erfordert. Er gibt den Kindern st\u00e4ndig die M\u00f6glichkeit, aktiv mitzumachen. Wie eine gelungene Mischung aus Pan Tau und Spongebob ist er ein Garant f\u00fcr das Unerwartete, der mit seiner entwaffnenden Art die Herzen der kleinen Zuschauer im Sturm erobert und auch die Erwachsenen k\u00f6nnen mitlachen.<\/p>\n<p>Seit 1994 ist Didi Saxer mit verschiedenen kabarettistischen Zaubersolos unterwegs. Einige seiner Produktionen wurden bei nationalen und internationalen Wettbewerben ausgezeichnet. Unter anderem\u00c2\u00a0war er auch Stipendiat der Kunststiftung Baden-W\u00fcrttemberg und der Friedrich-Ebert-Stiftung. Saxer gibt Theater- und Zauberworkshops und promoviert zur Zeit an der Universit\u00e4t der K\u00fcnste in Berlin.<\/p>\n<p>Nach einer kurzen Umbauphase wird das anschlie\u00dfende Programm von Kindern und Jugendlichen des Ortsteils L\u00f6schenrod gestaltet. Mit dabei sind die Kinder des Kindergartens L\u00f6schenrod und die Showtanzgruppe \u201eSwing Kinds\u201c. Die \u00f6rtlichen Vereine sorgen f\u00fcr das leibliche Wohl aller Besucher. Der Einritt zu allen Vorf\u00fchrungen ist frei!<\/p>\n","protected":false},"excerpt":{"rendered":"<div class=\"tmnf_excerpt\"><p>Sch\u00f6nes aus L\u00f6schenrod. Anl\u00e4sslich der Wiederer\u00f6ffnung des B\u00fcrgerhaus L\u00f6schenrod laden die Gemeinde Eichenzell und der Ortsbeirat L\u00f6schenrod zu einem Kindertag in das neu gestaltet und erweiterte Gemeinschaftshaus ein. Am Samstag, den 16. Juni, bieten die Veranstalter ab 15.00 Uhr ein kostenfreies Programm f\u00fcr Kinder und Eltern an. Er\u00f6ffnet wird der Nachmittag mit Didis Magic Show &hellip;<\/p>\n<\/div>","protected":false},"author":1,"featured_media":0,"comment_status":"closed","ping_status":"closed","sticky":false,"template":"","format":"standard","meta":{"footnotes":""},"categories":[1,37],"tags":[],"class_list":["post-3552","post","type-post","status-publish","format-standard","hentry","category-startseite","category-essen-und-trinken"],"_links":{"self":[{"href":"https:\/\/www.fuldaernachrichten.de\/index.php?rest_route=\/wp\/v2\/posts\/3552","targetHints":{"allow":["GET"]}}],"collection":[{"href":"https:\/\/www.fuldaernachrichten.de\/index.php?rest_route=\/wp\/v2\/posts"}],"about":[{"href":"https:\/\/www.fuldaernachrichten.de\/index.php?rest_route=\/wp\/v2\/types\/post"}],"author":[{"embeddable":true,"href":"https:\/\/www.fuldaernachrichten.de\/index.php?rest_route=\/wp\/v2\/users\/1"}],"replies":[{"embeddable":true,"href":"https:\/\/www.fuldaernachrichten.de\/index.php?rest_route=%2Fwp%2Fv2%2Fcomments&post=3552"}],"version-history":[{"count":0,"href":"https:\/\/www.fuldaernachrichten.de\/index.php?rest_route=\/wp\/v2\/posts\/3552\/revisions"}],"wp:attachment":[{"href":"https:\/\/www.fuldaernachrichten.de\/index.php?rest_route=%2Fwp%2Fv2%2Fmedia&parent=3552"}],"wp:term":[{"taxonomy":"category","embeddable":true,"href":"https:\/\/www.fuldaernachrichten.de\/index.php?rest_route=%2Fwp%2Fv2%2Fcategories&post=3552"},{"taxonomy":"post_tag","embeddable":true,"href":"https:\/\/www.fuldaernachrichten.de\/index.php?rest_route=%2Fwp%2Fv2%2Ftags&post=3552"}],"curies":[{"name":"wp","href":"https:\/\/api.w.org\/{rel}","templated":true}]}}