{"id":35515,"date":"2009-07-31T07:00:09","date_gmt":"2009-07-31T05:00:09","guid":{"rendered":"http:\/\/www.schoene-nachrichten.de\/?p=35515"},"modified":"2009-07-31T07:13:24","modified_gmt":"2009-07-31T05:13:24","slug":"internationale-studenten-zu-besuch-bei-jumo-2","status":"publish","type":"post","link":"https:\/\/www.fuldaernachrichten.de\/?p=35515","title":{"rendered":"Internationale Studenten zu Besuch bei JUMO"},"content":{"rendered":"<p><a href=\"http:\/\/www.schoene-nachrichten.de\/wp-content\/uploads\/2009\/07\/Sommeruniversitt-2009.jpg\"><img fetchpriority=\"high\" decoding=\"async\" class=\"alignnone size-thumbnail wp-image-35516\" title=\"JUMO Fulda\" src=\"http:\/\/www.schoene-nachrichten.de\/wp-content\/uploads\/2009\/07\/Sommeruniversitt-2009-265x191.jpg\" alt=\"JUMO Fulda\" hspace=\"5\" width=\"265\" height=\"191\" align=\"left\" srcset=\"https:\/\/www.fuldaernachrichten.de\/wp-content\/uploads\/2009\/07\/Sommeruniversitt-2009-265x191.jpg 265w, https:\/\/www.fuldaernachrichten.de\/wp-content\/uploads\/2009\/07\/Sommeruniversitt-2009.jpg 831w\" sizes=\"(max-width: 265px) 100vw, 265px\" \/><\/a><strong>Fulda. <\/strong>Im Rahmen der von der Hochschule Fulda veranstalteten Internationalen Sommeruniversit\u00e4t besuchten insgesamt 18 Studenten aus unterschiedlichen L\u00e4ndern die Firma JUMO in Fulda. Der gesch\u00e4ftsf\u00fchrende Gesellschafter Carsten Juchheim begr\u00fc\u00dfte die internationalen Studenten und stellte das weltweit agierende Unternehmen JUMO vor. Anschlie\u00dfend erfolgte unter der Leitung von Herrn Walter Demme, Mitarbeiter der Abteilung Qualit\u00e4tswesen, eine F\u00fchrung durch mehrere Fertigungsbereiche des Betriebes.<\/p>\n","protected":false},"excerpt":{"rendered":"<div class=\"tmnf_excerpt\"><p>Fulda. Im Rahmen der von der Hochschule Fulda veranstalteten Internationalen Sommeruniversit\u00e4t besuchten insgesamt 18 Studenten aus unterschiedlichen L\u00e4ndern die Firma JUMO in Fulda. Der gesch\u00e4ftsf\u00fchrende Gesellschafter Carsten Juchheim begr\u00fc\u00dfte die internationalen Studenten und stellte das weltweit agierende Unternehmen JUMO vor. Anschlie\u00dfend erfolgte unter der Leitung von Herrn Walter Demme, Mitarbeiter der Abteilung Qualit\u00e4tswesen, eine F\u00fchrung &hellip;<\/p>\n<\/div>","protected":false},"author":1,"featured_media":0,"comment_status":"closed","ping_status":"closed","sticky":false,"template":"","format":"standard","meta":{"footnotes":""},"categories":[1,53,29],"tags":[],"class_list":["post-35515","post","type-post","status-publish","format-standard","hentry","category-startseite","category-bildung","category-politik"],"_links":{"self":[{"href":"https:\/\/www.fuldaernachrichten.de\/index.php?rest_route=\/wp\/v2\/posts\/35515","targetHints":{"allow":["GET"]}}],"collection":[{"href":"https:\/\/www.fuldaernachrichten.de\/index.php?rest_route=\/wp\/v2\/posts"}],"about":[{"href":"https:\/\/www.fuldaernachrichten.de\/index.php?rest_route=\/wp\/v2\/types\/post"}],"author":[{"embeddable":true,"href":"https:\/\/www.fuldaernachrichten.de\/index.php?rest_route=\/wp\/v2\/users\/1"}],"replies":[{"embeddable":true,"href":"https:\/\/www.fuldaernachrichten.de\/index.php?rest_route=%2Fwp%2Fv2%2Fcomments&post=35515"}],"version-history":[{"count":3,"href":"https:\/\/www.fuldaernachrichten.de\/index.php?rest_route=\/wp\/v2\/posts\/35515\/revisions"}],"predecessor-version":[{"id":35522,"href":"https:\/\/www.fuldaernachrichten.de\/index.php?rest_route=\/wp\/v2\/posts\/35515\/revisions\/35522"}],"wp:attachment":[{"href":"https:\/\/www.fuldaernachrichten.de\/index.php?rest_route=%2Fwp%2Fv2%2Fmedia&parent=35515"}],"wp:term":[{"taxonomy":"category","embeddable":true,"href":"https:\/\/www.fuldaernachrichten.de\/index.php?rest_route=%2Fwp%2Fv2%2Fcategories&post=35515"},{"taxonomy":"post_tag","embeddable":true,"href":"https:\/\/www.fuldaernachrichten.de\/index.php?rest_route=%2Fwp%2Fv2%2Ftags&post=35515"}],"curies":[{"name":"wp","href":"https:\/\/api.w.org\/{rel}","templated":true}]}}