{"id":35507,"date":"2009-07-31T06:40:46","date_gmt":"2009-07-31T04:40:46","guid":{"rendered":"http:\/\/www.schoene-nachrichten.de\/?p=35507"},"modified":"2009-07-31T07:12:24","modified_gmt":"2009-07-31T05:12:24","slug":"sommerliches-grillfest-mit-bewohner-des-caritas-altenpflegeheims-st-josef","status":"publish","type":"post","link":"https:\/\/www.fuldaernachrichten.de\/?p=35507","title":{"rendered":"Sommerliches Grillfest mit Bewohner des Caritas Altenpflegeheims St. Josef"},"content":{"rendered":"<p><a href=\"http:\/\/www.schoene-nachrichten.de\/wp-content\/uploads\/2009\/07\/Bilder-111.jpg\"><img fetchpriority=\"high\" decoding=\"async\" class=\"alignnone size-thumbnail wp-image-35508\" title=\"Bildnachweis: St. Josef, Fulda\" src=\"http:\/\/www.schoene-nachrichten.de\/wp-content\/uploads\/2009\/07\/Bilder-111-265x198.jpg\" alt=\"Bildnachweis: St. Josef, Fulda\" hspace=\"5\" width=\"265\" height=\"198\" align=\"left\" srcset=\"https:\/\/www.fuldaernachrichten.de\/wp-content\/uploads\/2009\/07\/Bilder-111-265x198.jpg 265w, https:\/\/www.fuldaernachrichten.de\/wp-content\/uploads\/2009\/07\/Bilder-111.jpg 800w\" sizes=\"(max-width: 265px) 100vw, 265px\" \/><\/a><strong>Fulda. <\/strong>Unter dem Motto \u201e Gemeinschaft f\u00f6rdern durch Feste feiern\u201c fand am 28.07.2009 ein Grillfest f\u00fcr die Bewohner der Wohnbereiche Bonifatius und Maria des Caritas Altenpflegeheims St. Josef statt. Initiiert durch die Wohnbereichsleitungen Frau Kerstin Herber und Frau Elisabeth Ignaciuk konnten zahlreiche Angeh\u00f6rige und Mitarbeiter zur Mitgestaltung des gemeinsamen Grillabends gewonnen werden.<!--more--><\/p>\n<p><strong>Grillgut und Musik<\/strong><\/p>\n<p>So \u00fcbernahmen Herr Gro\u00df und Herr Hautum gerne die Aufgabe der Grillmeister. F\u00fcr musikalische Untermalung sorgten Frau Schreiner an der Drehorgel und Herr Bahr an der Ziehharmonika. Angeh\u00f6rige und Mitarbeiter \u00fcbernahmen ehrenamtlich die komplette Gestaltung des Abends.<\/p>\n<p>Ziel des Abends war das Herstellen von Gemeinsamkeit. Dar\u00fcber hinaus sollten Gespr\u00e4che in angenehmer Atmosph\u00e4re und ein st\u00e4rkeres Miteinander zwischen Angeh\u00f6rigen, Bewohnern und Mitarbeitern gef\u00f6rdert werden.<\/p>\n<p><strong>Durchweg positive Bilanz<\/strong><\/p>\n<p>Eine rundum positive Bilanz zog deshalb auch Einrichtungsleitung Oliver Trousil: \u201eEs fanden zahlreiche Gespr\u00e4che zwischen Angeh\u00f6rigen, Bewohnern und Mitarbeitern statt, es wurde gemeinsam gesungen und gefeiert. Der Wunsch nach weiteren gemeinsamen Aktivit\u00e4ten wurde von allen Beteiligten ge\u00e4u\u00dfert. Wir planen deshalb f\u00fcr die Zukunft weitere gemeinsame Veranstaltungen und Aktionen mit Angeh\u00f6rigen und Ehrenamtlichen\u00c2\u00a0 im Caritas Altenpflegeheim St. Josef\u201c.<\/p>\n","protected":false},"excerpt":{"rendered":"<div class=\"tmnf_excerpt\"><p>Fulda. Unter dem Motto \u201e Gemeinschaft f\u00f6rdern durch Feste feiern\u201c fand am 28.07.2009 ein Grillfest f\u00fcr die Bewohner der Wohnbereiche Bonifatius und Maria des Caritas Altenpflegeheims St. Josef statt. Initiiert durch die Wohnbereichsleitungen Frau Kerstin Herber und Frau Elisabeth Ignaciuk konnten zahlreiche Angeh\u00f6rige und Mitarbeiter zur Mitgestaltung des gemeinsamen Grillabends gewonnen werden.<\/p>\n<\/div>","protected":false},"author":1,"featured_media":0,"comment_status":"closed","ping_status":"closed","sticky":false,"template":"","format":"standard","meta":{"footnotes":""},"categories":[1,51,44],"tags":[],"class_list":["post-35507","post","type-post","status-publish","format-standard","hentry","category-startseite","category-medizin","category-kultur"],"_links":{"self":[{"href":"https:\/\/www.fuldaernachrichten.de\/index.php?rest_route=\/wp\/v2\/posts\/35507","targetHints":{"allow":["GET"]}}],"collection":[{"href":"https:\/\/www.fuldaernachrichten.de\/index.php?rest_route=\/wp\/v2\/posts"}],"about":[{"href":"https:\/\/www.fuldaernachrichten.de\/index.php?rest_route=\/wp\/v2\/types\/post"}],"author":[{"embeddable":true,"href":"https:\/\/www.fuldaernachrichten.de\/index.php?rest_route=\/wp\/v2\/users\/1"}],"replies":[{"embeddable":true,"href":"https:\/\/www.fuldaernachrichten.de\/index.php?rest_route=%2Fwp%2Fv2%2Fcomments&post=35507"}],"version-history":[{"count":3,"href":"https:\/\/www.fuldaernachrichten.de\/index.php?rest_route=\/wp\/v2\/posts\/35507\/revisions"}],"predecessor-version":[{"id":35520,"href":"https:\/\/www.fuldaernachrichten.de\/index.php?rest_route=\/wp\/v2\/posts\/35507\/revisions\/35520"}],"wp:attachment":[{"href":"https:\/\/www.fuldaernachrichten.de\/index.php?rest_route=%2Fwp%2Fv2%2Fmedia&parent=35507"}],"wp:term":[{"taxonomy":"category","embeddable":true,"href":"https:\/\/www.fuldaernachrichten.de\/index.php?rest_route=%2Fwp%2Fv2%2Fcategories&post=35507"},{"taxonomy":"post_tag","embeddable":true,"href":"https:\/\/www.fuldaernachrichten.de\/index.php?rest_route=%2Fwp%2Fv2%2Ftags&post=35507"}],"curies":[{"name":"wp","href":"https:\/\/api.w.org\/{rel}","templated":true}]}}