{"id":35504,"date":"2009-07-31T06:12:34","date_gmt":"2009-07-31T04:12:34","guid":{"rendered":"http:\/\/www.schoene-nachrichten.de\/?p=35504"},"modified":"2009-07-31T07:12:50","modified_gmt":"2009-07-31T05:12:50","slug":"anstieg-der-arbeitslosigkeit-arbeitslosenquote-steigt-im-juli-2009-von-56-auf-60","status":"publish","type":"post","link":"https:\/\/www.fuldaernachrichten.de\/?p=35504","title":{"rendered":"Anstieg der Arbeitslosigkeit -Arbeitslosenquote steigt im Juli 2009 von 5,6 auf 6,0 %"},"content":{"rendered":"<p><strong>Fulda. <\/strong>Einen Anstieg der Arbeitslosigkeit verzeichnete die Agentur f\u00fcr Arbeit in Fulda. Es sind aktuell 6653 Menschen arbeitslos gemeldet. Davon betreut die Arbeitsagentur 2963 arbeitslose Menschen und 3690 fallen in den Zust\u00e4ndigkeitsbereich des Amtes f\u00fcr Arbeit und Soziales (AFAS). Die Quote stieg\u00c2\u00a0 damit von 5,6 % im Juni 2009 auf\u00c2\u00a0 6 % im Juli 2009. Im Vergleich zum Vorjahr gab es 645 Arbeitslose mehr.<!--more--><\/p>\n<p><strong>Weitere 30 Unternehmen fragen nach Kurzarbeit nach<\/strong><\/p>\n<p>Gegen\u00fcber dem Vormonat ist die Zahl der Arbeitslosen\u00c2\u00a0 insgesamt um 404 gestiegen. Die Zunahme im Juli 2009 entf\u00e4llt \u00fcberwiegend auf den Personenkreis nach dem SGB III (+ 12 %), w\u00e4hrend die Arbeitslosen f\u00fcr den SGB II-Bereich zum Vormonat nur um 2,4 % gestiegen sind. Diese Entwicklung entspricht den bisherigen Erfahrungen, erl\u00e4utert Birgit Mathes, Gesch\u00e4ftsf\u00fchrerin f\u00fcr den operativen Bereich der Agentur f\u00fcr Arbeit Fulda, da sich in den Sommermonaten verst\u00e4rkt junge Menschen arbeitslos melden, deren Schul- und Berufsausbildung endet, die von ihrem Ausbildungsbetrieb nicht \u00fcbernommen werden und\u00c2\u00a0 auch noch keinen anderweitigen beruflichen Ansatz gefunden haben. Da diese jungen Menschen sich durch die Berufsausbildung \u00fcberwiegend einen Anspruch auf Arbeitslosengeld I erworben haben fallen sie auch zum gr\u00f6\u00dften Teil in den Zust\u00e4ndigkeitsbereich der Agentur f\u00fcr Arbeit. Im Juli 2009 haben sich in der Agentur f\u00fcr Arbeit Fulda 513 Menschen nach einer Ausbildung bzw. Qualifizierungsma\u00dfnahme arbeitslos gemeldet.<\/p>\n<p>Auch die Anzahl der gemeldeten Stellen ist gegen\u00fcber dem Vorjahr r\u00fcckl\u00e4ufig. Im Bezirk der Agentur f\u00fcr Arbeit Fulda waren im Juli 680 Stellenangebote registriert. Das ergibt gegen\u00fcber dem Vormonat einen R\u00fcckgang von 33 Stellen. Im Vergleich zum Vorjahr gab es 63 Stelleneing\u00e4nge weniger zu verzeichnen. Die R\u00fcckg\u00e4nge schlagen sich in den Branchen und Berufen unterschiedlich nieder. Besonders betroffen von dem R\u00fcckgang sind weiterhin das Verkehrsgewerbe und der metallverarbeitende Bereich. Eine leichte Belebung dagegen erf\u00e4hrt derzeit der Personaldienstleistungsbereich. Hier werden nach wie vor verst\u00e4rkt Fachkr\u00e4fte gesucht (z.B. Elektro-, Sanit\u00e4r-, Tischler- und Pflegebereich). Es werden aber auch wieder Arbeitskr\u00e4fte auf der Helferebene gesucht. Gute Besch\u00e4ftigungschancen bestehen ebenso in der Gastronomie und im Gesundheitsbereich. Hier\u00c2\u00a0 ist\u00c2\u00a0 jedoch neben den fachlichen Qualifikationen insbesondere die Bereitschaft zu flexiblen Arbeitszeiten eine\u00c2\u00a0 Einstellungsvoraussetzung. Weiterhin gute Besch\u00e4ftigungsm\u00f6glichkeiten ergeben sich f\u00fcr Fachkr\u00e4fte neben dem Elektro-, Sanit\u00e4r- und Heizungsbereich auch in der\u00c2\u00a0 Klimatechnik.<br \/>\n<strong><br \/>\n5 Unternehmen kehrten zur Vollbesch\u00e4ftigung zur\u00fcck<\/strong><\/p>\n<p>Noch ist es nicht zu sp\u00e4t, noch sind Ausbildungspl\u00e4tze frei. \u201eJetzt hei\u00dft es noch mal richtig Gas geben\u201c, hierzu ermutigt Birgit Mathes die jungen Menschen. Insgesamt sind momentan 309 Stellen unbesetzt, w\u00e4hrend 508 Bewerber noch keinen Ausbildungsvertrag abgeschlossen haben. Dies wird sich jedoch in den n\u00e4chsten Wochen stark ver\u00e4ndern. Sobald die Ferien-\/ Urlaubszeiten vorbei sind werden die Personalverantwortlichen sehr zeitnah die ausstehenden Einstellungen vornehmen bzw. Ausbildungsvertr\u00e4ge zum Abschluss bringen. Freie Ausbildungsstellen gibt es noch\u00c2\u00a0 im kaufm\u00e4nnischen Bereich (z.B. Kauffrau\/Kaufmann f\u00fcr B\u00fcrokommunikation), im Verkaufsbereich (z.B. Fachverk\u00e4ufer\/-in im Lebensmittelhandwerk), als Koch\/K\u00f6chin und Restaurantfachmann\/-frau sowie im gewerblich\/handwerklichen Bereich (z.B. Anlagenmechaniker\/-in, Sanit\u00e4r-, Heizungs- und Klimatechnik, Maurer, Maler\/-in und Lackierer\/-in).<\/p>\n<p>Weitere Fragen zu offenen Stellen sowie zu offenen Ausbildungsstellen beantwortet Ihnen gerne der Arbeitgeberservice der Agentur f\u00fcr Arbeit Fulda unter der Telefonnummer 01801 \u2013 664466 (3,9 ct\/min aus dem Festnetz).<\/p>\n<p>Auch wenn die Wirtschaftsexperten\u00c2\u00a0 und die Konjunkturforscher k\u00fcrzlich ge\u00e4u\u00dfert haben, dass die deutsche Wirtschaft das Ende der Krise vor Augen hat und in den kommenden\u00c2\u00a0 Monaten sogar mit einem leichten Wirtschaftswachstum zu rechnen ist, bleibt die Lage auf dem Arbeitsmarkt angespannt.<\/p>\n<p><strong>\u201eIn der Krise eine Chance sehen\u201c<\/strong><\/p>\n<p>Dies spiegelt sich auch wider in der Inanspruchnahme des Kurzarbeitergeldes durch die in der Region ans\u00e4ssigen Firmen.\u00c2\u00a0 Seit November 2008 haben 245 Betriebe f\u00fcr insgesamt 8893 Mitarbeiter Kurzarbeitergeld beantragt. Hiervon gehen erfahrungsgem\u00e4\u00df 70-75 % in den tats\u00e4chlichen Kurzarbeitergeldbezug. Aktuell liegen weitere Anfragen von 30 Unternehmen f\u00fcr ca. 870 Mitarbeiter vor. Nach dem Motto: \u201eIn der Krise eine Chance sehen\u201c, nutzen einige Unternehmen die Kurzarbeiterzeit zur Mitarbeiterqualifizierung. Zurzeit werden \u00fcber die Agentur f\u00fcr Arbeit Fulda ca. 400 Menschen in den unterschiedlichsten Qualifizierungsfeldern gef\u00f6rdert.<\/p>\n<p>Im Juli konnten drei weitere Betriebe die Kurzarbeit beenden, so dass nun in 2009 insgesamt zehn Betriebe die Kurzarbeitsphase abgeschlossen haben. Davon mussten f\u00fcnf einen Insolvenzantrag stellen und f\u00fcnf Betriebe sind mit insgesamt 147 Mitarbeitern wieder zur Vollbesch\u00e4ftigung zur\u00fcckgekehrt. \u00dcber die R\u00fcckkehr zur Vollbesch\u00e4ftigung freut sich die stellvertretende Leiterin der Agentur f\u00fcr Arbeit Fulda, Birgit Mathes, ganz besonders.<\/p>\n","protected":false},"excerpt":{"rendered":"<div class=\"tmnf_excerpt\"><p>Fulda. Einen Anstieg der Arbeitslosigkeit verzeichnete die Agentur f\u00fcr Arbeit in Fulda. Es sind aktuell 6653 Menschen arbeitslos gemeldet. Davon betreut die Arbeitsagentur 2963 arbeitslose Menschen und 3690 fallen in den Zust\u00e4ndigkeitsbereich des Amtes f\u00fcr Arbeit und Soziales (AFAS). Die Quote stieg\u00c2\u00a0 damit von 5,6 % im Juni 2009 auf\u00c2\u00a0 6 % im Juli 2009. &hellip;<\/p>\n<\/div>","protected":false},"author":1,"featured_media":0,"comment_status":"closed","ping_status":"closed","sticky":false,"template":"","format":"standard","meta":{"footnotes":""},"categories":[1,53,29],"tags":[],"class_list":["post-35504","post","type-post","status-publish","format-standard","hentry","category-startseite","category-bildung","category-politik"],"_links":{"self":[{"href":"https:\/\/www.fuldaernachrichten.de\/index.php?rest_route=\/wp\/v2\/posts\/35504","targetHints":{"allow":["GET"]}}],"collection":[{"href":"https:\/\/www.fuldaernachrichten.de\/index.php?rest_route=\/wp\/v2\/posts"}],"about":[{"href":"https:\/\/www.fuldaernachrichten.de\/index.php?rest_route=\/wp\/v2\/types\/post"}],"author":[{"embeddable":true,"href":"https:\/\/www.fuldaernachrichten.de\/index.php?rest_route=\/wp\/v2\/users\/1"}],"replies":[{"embeddable":true,"href":"https:\/\/www.fuldaernachrichten.de\/index.php?rest_route=%2Fwp%2Fv2%2Fcomments&post=35504"}],"version-history":[{"count":3,"href":"https:\/\/www.fuldaernachrichten.de\/index.php?rest_route=\/wp\/v2\/posts\/35504\/revisions"}],"predecessor-version":[{"id":35521,"href":"https:\/\/www.fuldaernachrichten.de\/index.php?rest_route=\/wp\/v2\/posts\/35504\/revisions\/35521"}],"wp:attachment":[{"href":"https:\/\/www.fuldaernachrichten.de\/index.php?rest_route=%2Fwp%2Fv2%2Fmedia&parent=35504"}],"wp:term":[{"taxonomy":"category","embeddable":true,"href":"https:\/\/www.fuldaernachrichten.de\/index.php?rest_route=%2Fwp%2Fv2%2Fcategories&post=35504"},{"taxonomy":"post_tag","embeddable":true,"href":"https:\/\/www.fuldaernachrichten.de\/index.php?rest_route=%2Fwp%2Fv2%2Ftags&post=35504"}],"curies":[{"name":"wp","href":"https:\/\/api.w.org\/{rel}","templated":true}]}}