{"id":35482,"date":"2009-07-31T06:10:29","date_gmt":"2009-07-31T04:10:29","guid":{"rendered":"http:\/\/www.schoene-nachrichten.de\/?p=35482"},"modified":"2009-07-30T20:10:57","modified_gmt":"2009-07-30T18:10:57","slug":"freibad-bieberstein-ist-ab-sonntag-wieder-geoeffnet","status":"publish","type":"post","link":"https:\/\/www.fuldaernachrichten.de\/?p=35482","title":{"rendered":"Freibad Bieberstein ist ab Sonntag wieder ge\u00f6ffnet"},"content":{"rendered":"<p><strong>Hofbieber. <\/strong>Nach dem starken Unwetter in der Nacht vom 23. auf den 24. Juli 2009 bleibt das Freibad Bieberstein in Langenbieber wegen Instandsetzungsarbeiten, der Schwimmbeckenf\u00fcllung und dem Aufheizen des Badewassers bis einschlie\u00dflich Samstag, 01.08.2009 geschlossen. Ab Sonntag, 02. August 2009 hat das Freibad wieder ge\u00f6ffnet. Die Gemeinde Hofbieber bittet alle Schwimmbadbesucher nochmals um ihr Verst\u00e4ndnis und w\u00fcnscht allen Badeg\u00e4sten noch eine sonnenreiche Badesaison 2009.<\/p>\n","protected":false},"excerpt":{"rendered":"<div class=\"tmnf_excerpt\"><p>Hofbieber. Nach dem starken Unwetter in der Nacht vom 23. auf den 24. Juli 2009 bleibt das Freibad Bieberstein in Langenbieber wegen Instandsetzungsarbeiten, der Schwimmbeckenf\u00fcllung und dem Aufheizen des Badewassers bis einschlie\u00dflich Samstag, 01.08.2009 geschlossen. Ab Sonntag, 02. August 2009 hat das Freibad wieder ge\u00f6ffnet. Die Gemeinde Hofbieber bittet alle Schwimmbadbesucher nochmals um ihr Verst\u00e4ndnis &hellip;<\/p>\n<\/div>","protected":false},"author":1,"featured_media":0,"comment_status":"closed","ping_status":"closed","sticky":false,"template":"","format":"standard","meta":{"footnotes":""},"categories":[1,44],"tags":[],"class_list":["post-35482","post","type-post","status-publish","format-standard","hentry","category-startseite","category-kultur"],"_links":{"self":[{"href":"https:\/\/www.fuldaernachrichten.de\/index.php?rest_route=\/wp\/v2\/posts\/35482","targetHints":{"allow":["GET"]}}],"collection":[{"href":"https:\/\/www.fuldaernachrichten.de\/index.php?rest_route=\/wp\/v2\/posts"}],"about":[{"href":"https:\/\/www.fuldaernachrichten.de\/index.php?rest_route=\/wp\/v2\/types\/post"}],"author":[{"embeddable":true,"href":"https:\/\/www.fuldaernachrichten.de\/index.php?rest_route=\/wp\/v2\/users\/1"}],"replies":[{"embeddable":true,"href":"https:\/\/www.fuldaernachrichten.de\/index.php?rest_route=%2Fwp%2Fv2%2Fcomments&post=35482"}],"version-history":[{"count":2,"href":"https:\/\/www.fuldaernachrichten.de\/index.php?rest_route=\/wp\/v2\/posts\/35482\/revisions"}],"predecessor-version":[{"id":35496,"href":"https:\/\/www.fuldaernachrichten.de\/index.php?rest_route=\/wp\/v2\/posts\/35482\/revisions\/35496"}],"wp:attachment":[{"href":"https:\/\/www.fuldaernachrichten.de\/index.php?rest_route=%2Fwp%2Fv2%2Fmedia&parent=35482"}],"wp:term":[{"taxonomy":"category","embeddable":true,"href":"https:\/\/www.fuldaernachrichten.de\/index.php?rest_route=%2Fwp%2Fv2%2Fcategories&post=35482"},{"taxonomy":"post_tag","embeddable":true,"href":"https:\/\/www.fuldaernachrichten.de\/index.php?rest_route=%2Fwp%2Fv2%2Ftags&post=35482"}],"curies":[{"name":"wp","href":"https:\/\/api.w.org\/{rel}","templated":true}]}}