{"id":35441,"date":"2009-07-30T06:25:32","date_gmt":"2009-07-30T04:25:32","guid":{"rendered":"http:\/\/www.schoene-nachrichten.de\/?p=35441"},"modified":"2009-07-30T08:23:47","modified_gmt":"2009-07-30T06:23:47","slug":"30-fusswallfahrt-zum-maria-ehrenberg","status":"publish","type":"post","link":"https:\/\/www.fuldaernachrichten.de\/?p=35441","title":{"rendered":"30. Fu\u00dfwallfahrt zum Maria Ehrenberg"},"content":{"rendered":"<p><strong>Neuhof. <\/strong>Am Sonntag, 2. August l\u00e4dt der Kolping-Bezirksverband Neuhof zur Fu\u00dfwallfahrt zum Maria Ehrenberg ein. Der Aufbruch ist in Niederkalbach, Weiherstra\u00dfe um 4.45 Uhr. Der gemeinsame Aufstieg \u00fcber die Treppe findet um 9.15 Uhr statt. Der Wallfahrtsgottesdienst beginnt um 10.30 Uhr. Die Zufahrt zum Maria Ehrenberg ist am Sonntag ab 9 Uhr offen. N\u00e4here Informationen unter: Werner Reck, Tel. 06655-1410<\/p>\n","protected":false},"excerpt":{"rendered":"<div class=\"tmnf_excerpt\"><p>Neuhof. Am Sonntag, 2. August l\u00e4dt der Kolping-Bezirksverband Neuhof zur Fu\u00dfwallfahrt zum Maria Ehrenberg ein. Der Aufbruch ist in Niederkalbach, Weiherstra\u00dfe um 4.45 Uhr. Der gemeinsame Aufstieg \u00fcber die Treppe findet um 9.15 Uhr statt. Der Wallfahrtsgottesdienst beginnt um 10.30 Uhr. Die Zufahrt zum Maria Ehrenberg ist am Sonntag ab 9 Uhr offen. N\u00e4here Informationen &hellip;<\/p>\n<\/div>","protected":false},"author":1,"featured_media":0,"comment_status":"closed","ping_status":"closed","sticky":false,"template":"","format":"standard","meta":{"footnotes":""},"categories":[1,50],"tags":[],"class_list":["post-35441","post","type-post","status-publish","format-standard","hentry","category-startseite","category-kirche"],"_links":{"self":[{"href":"https:\/\/www.fuldaernachrichten.de\/index.php?rest_route=\/wp\/v2\/posts\/35441","targetHints":{"allow":["GET"]}}],"collection":[{"href":"https:\/\/www.fuldaernachrichten.de\/index.php?rest_route=\/wp\/v2\/posts"}],"about":[{"href":"https:\/\/www.fuldaernachrichten.de\/index.php?rest_route=\/wp\/v2\/types\/post"}],"author":[{"embeddable":true,"href":"https:\/\/www.fuldaernachrichten.de\/index.php?rest_route=\/wp\/v2\/users\/1"}],"replies":[{"embeddable":true,"href":"https:\/\/www.fuldaernachrichten.de\/index.php?rest_route=%2Fwp%2Fv2%2Fcomments&post=35441"}],"version-history":[{"count":2,"href":"https:\/\/www.fuldaernachrichten.de\/index.php?rest_route=\/wp\/v2\/posts\/35441\/revisions"}],"predecessor-version":[{"id":35461,"href":"https:\/\/www.fuldaernachrichten.de\/index.php?rest_route=\/wp\/v2\/posts\/35441\/revisions\/35461"}],"wp:attachment":[{"href":"https:\/\/www.fuldaernachrichten.de\/index.php?rest_route=%2Fwp%2Fv2%2Fmedia&parent=35441"}],"wp:term":[{"taxonomy":"category","embeddable":true,"href":"https:\/\/www.fuldaernachrichten.de\/index.php?rest_route=%2Fwp%2Fv2%2Fcategories&post=35441"},{"taxonomy":"post_tag","embeddable":true,"href":"https:\/\/www.fuldaernachrichten.de\/index.php?rest_route=%2Fwp%2Fv2%2Ftags&post=35441"}],"curies":[{"name":"wp","href":"https:\/\/api.w.org\/{rel}","templated":true}]}}