{"id":35368,"date":"2009-07-30T06:50:47","date_gmt":"2009-07-30T04:50:47","guid":{"rendered":"http:\/\/www.schoene-nachrichten.de\/?p=35368"},"modified":"2009-07-30T08:25:10","modified_gmt":"2009-07-30T06:25:10","slug":"radfahren-attraktive-moeglichkeit-der-ferien-und-freizeitgestaltung","status":"publish","type":"post","link":"https:\/\/www.fuldaernachrichten.de\/?p=35368","title":{"rendered":"Radfahren: Attraktive M\u00f6glichkeit der Ferien- und Freizeitgestaltung"},"content":{"rendered":"<p>Fulda. Wer h\u00e4ufiger mit dem Fahrrad im Landkreis Fulda unterwegs ist, wird es schon l\u00e4nger mit Wohlwollen registriert haben. Aber auch diejenigen, die gerne auf das Fahrrad steigen w\u00fcrden, jedoch bisher nicht so richtig wussten, wie man radwandernd im Landkreis sein Ziel erreicht, sollten es kennen: Bereits seit dem letzten Jahr existiert im Landkreis Fulda eine komplette Radwegebeschilderung f\u00fcr ein weitgehend neu gestaltetes Radwandernetz. <!--more--><\/p>\n<p><strong>Alternative Radfahren<\/strong><\/p>\n<p>Landrat Bernd Woide und B\u00fcrgermeister Peter Meinecke nehmen die Sommerferien zum Anlass, um die Daheimgebliebenen hierauf aufmerksam zu machen und die Nutzung des neuen Radwegesystems als eine sch\u00f6ne M\u00f6glichkeit der Ferien- und Freizeitgestaltung zu empfehlen. Die neue Tourismus- und Freizeitinfrastruktur sei im Zusammenwirken von Landkreis sowie St\u00e4dten und Gemeinden entstanden. Unter \u00fcberwiegender Nutzung von vorhandenen befestigten Wegen werde durch die neue Beschilderung eine durchg\u00e4ngige Befahrbarkeit und Orientierung erm\u00f6glicht.<\/p>\n<p>Die Grundlagen f\u00fcr das neue Radwegenetz sind im Rahmen eines Planungsauftrags zur \u00dcberarbeitung und Erweiterung des Radwegenetzes in der hessischen Rh\u00f6n sowie zur Vernetzung mit benachbarten R\u00e4umen geschaffen worden, den der Landkreis Fulda Ende 2005 an einen Fachplaner vergeben hatte. Zu dessen Finanzierung hatte das Land Hessen aus Mitteln des EU-F\u00f6rderprogramms LEADER eine F\u00f6rderung von 50 Prozent (= 16.000 \u00e2\u201a\u00ac) bewilligt. Neben dem Landkreis beteiligten sich auch die Gemeinden K\u00fcnzell und Petersberg mit je 2.500 Euro.<\/p>\n<p><strong>Aus LEADER-Mitteln der EU gef\u00f6rdert<\/strong><\/p>\n<p>Der Planungsauftrag umfasste die gesamte Landkreisfl\u00e4che mit Ausnahme des Gebiets der Stadt Fulda und der Gebietskulisse der sieben Gemeinden des Regionalforums Fulda-S\u00fcdwest, f\u00fcr die bereits in den Jahren zuvor eine Radwegeplanung stattgefunden hatte. Neben der internen Ausgestaltung ging es auch darum, die Wege- und Beschilderungsverkn\u00fcpfungen mit dem hessischen Radfernwegenetz sowie den Radwegenetzen der Nachbarlandkreise, des Regionalforums Fulda-S\u00fcdwest sowie der Stadt Fulda herzustellen.<\/p>\n<p>Die Planungsarbeiten wurden von einer projektbegleitenden Arbeitsgruppe unterst\u00fctzt, in der alle 15 betroffenen St\u00e4dte und Gemeinden vertreten waren. Als Ergebnis liegt nach entsprechender Vorlaufzeit ein abgestimmtes Radwegekonzept vor. Es beinhaltet unter anderem die Festlegung der Wegef\u00fchrung, dessen Verkn\u00fcpfung mit den Nachbarnetzen sowie einen Beschilderungsplan, wobei sich Form und Beschriftung der Beschilderung an den Empfehlungen der Forschungsgesellschaft f\u00fcr das Stra\u00dfen- und Verkehrswesen bzw. des Allgemeinen Deutschen Radfahrerclubs (ADFC) orientiert.<br \/>\n<strong><br \/>\nFederf\u00fchrung bei Gemeinde K\u00fcnzell<\/strong><\/p>\n<p>So wichtig eine konzeptionelle Planung auch sein mag, so entscheidend ist bei einem Infrastrukturprojekt letztlich die konkrete Umsetzung. Diese zu Stande zu bringen, war angesichts der Tatsache, dass die Zust\u00e4ndigkeit f\u00fcr Radwege formal in der Hand jeder einzelnen Gemeinde liegt, kein leichtes Unterfangen. Die koordinierte zeitgleiche Umsetzung konnte daher nur gelingen, weil die Gemeinden bereit waren, sich zu einer kommunalen Arbeitsgemeinschaft zusammenschlie\u00dfen, und K\u00fcnzell quasi gesch\u00e4ftsf\u00fchrend f\u00fcr alle anderen die Umsetzungsarbeiten \u00fcbernahm.<\/p>\n<p>Landrat Woide stellt noch mal den Umfang der Arbeiten heraus, die von der Gemeinde K\u00fcnzell im Interesse der gemeinsamen Sache dabei auf sich genommen worden seien, und spricht B\u00fcrgermeister Meinecke und ganz besonders auch den mit der Projektabwicklung befassten Mitarbeiterinnen und Mitarbeitern der Gemeindeverwaltung seinen und den Dank der \u00fcbrigen kreisangeh\u00f6rigen St\u00e4dte und Gemeinden aus.<\/p>\n<p>Die von K\u00fcnzell \u00fcbernommene Koordinierungsaufgabe umfasste ein weites Arbeitsspektrum, so unter anderem die Antragstellung f\u00fcr die angestrebte Projektf\u00f6rderung aus Mitteln des Gemeindeverkehrsfinanzierungsgesetzes (GVFG), die Ausschreibung der Gesamtma\u00dfnahme, die Auswahl des Schilderherstellers, die Auftragsvergabe, die Kontrolle und Verteilung der Lieferung sowie die sp\u00e4tere Abrechnung der F\u00f6rdermittel einschlie\u00dflich der Erhebung der Eigenmittelanteile von den einzelnen Kommunen.<\/p>\n<p><strong>In K\u00fcrze auf digitalisierter Rh\u00f6nkarte<\/strong><\/p>\n<p>Insgesamt sind f\u00fcr die Schaffung der neuen Beschilderungsinfrastruktur Aufwendungen in H\u00f6he von 142.300 Euro entstanden, wof\u00fcr die kommunale Arbeitsgemeinschaft beim Hessi-schen Ministerium f\u00fcr Wirtschaft, Verkehr und Landesentwicklung F\u00f6rdermittel aus dem GVFG-Programm in H\u00f6he von 106.700 Euro akquirieren konnte. In den Aufwendungen enthalten sind auch die Kosten f\u00fcr die Installation der Beschilderung, die von jeder Gemeinde selbst vorzunehmen war.<\/p>\n<p>Landrat Woide und B\u00fcrgermeister Meinecke freuen sich \u00fcber den erfolgreichen Abschluss dieses gemeinsam von Landkreis und Gemeinden in Angriff genommenen Projekts und hoffen auf rege Nutzung der geschaffenen Infrastruktur. Sie weisen allerdings auch auf ein Defizit hin, das die Planung von Radtouren noch etwas erschwere. Es gebe leider noch keine aktuelle Radwanderkarte, die das neue Radwegenetz im Landkreis Fulda komplett darstellt. Allerdings \u2013 so der erg\u00e4nzende Hinweis \u2013 werde das Radwegenetz in K\u00fcrze auf der digitalen Rh\u00f6nkarte, die auf der Homepage <a href=\"http:\/\/www.rhoen.de\" target=\"_blank\">www.rhoen.de<\/a> zu finden ist, abgebildet sein.<\/p>\n<div id=\"_mcePaste\" style=\"overflow: hidden; position: absolute; left: -10000px; top: 108px; width: 1px; height: 1px;\">FULDA. Wer h\u00e4ufiger mit dem Fahrrad im Landkreis Fulda unterwegs ist, wird es schon l\u00e4n-ger mit Wohlwollen registriert haben. Aber auch diejenigen, die gerne auf das Fahrrad stei-gen w\u00fcrden, jedoch bisher nicht so richtig wussten, wie man radwandernd im Landkreis sein Ziel erreicht, sollten es kennen: Bereits seit dem letzten Jahr existiert im Landkreis Fulda eine komplette Radwegebeschilderung f\u00fcr ein weitgehend neu gestaltetes Radwandernetz.<\/p>\n<p>Landrat Bernd Woide und B\u00fcrgermeister Peter Meinecke nehmen die Sommerferien zum Anlass, um die Daheimgebliebenen hierauf aufmerksam zu machen und die Nutzung des neuen Radwegesystems als eine sch\u00f6ne M\u00f6glichkeit der Ferien- und Freizeitgestaltung zu empfehlen. Die neue Tourismus- und Freizeitinfrastruktur sei im Zusammenwirken von Landkreis sowie St\u00e4dten und Gemeinden entstanden. Unter \u00fcberwiegender Nutzung von vorhandenen befestigten Wegen werde durch die neue Beschilderung eine durchg\u00e4ngige Befahrbarkeit und Orientierung erm\u00f6glicht.<\/p>\n<p>Die Grundlagen f\u00fcr das neue Radwegenetz sind im Rahmen eines Planungsauftrags zur \u00dcberarbeitung und Erweiterung des Radwegenetzes in der hessischen Rh\u00f6n sowie zur Ver-netzung mit benachbarten R\u00e4umen geschaffen worden, den der Landkreis Fulda Ende 2005 an einen Fachplaner vergeben hatte. Zu dessen Finanzierung hatte das Land Hessen aus Mitteln des EU-F\u00f6rderprogramms LEADER eine F\u00f6rderung von 50 Prozent (= 16.000 \u00e2\u201a\u00ac) be-willigt. Neben dem Landkreis beteiligten sich auch die Gemeinden K\u00fcnzell und Petersberg mit je 2.500 Euro.<\/p>\n<p>Aus LEADER-Mitteln der EU gef\u00f6rdert<\/p>\n<p>Der Planungsauftrag umfasste die gesamte Landkreisfl\u00e4che mit Ausnahme des Gebiets der Stadt Fulda und der Gebietskulisse der sieben Gemeinden des Regionalforums Fulda-S\u00fcdwest, f\u00fcr die bereits in den Jahren zuvor eine Radwegeplanung stattgefunden hatte. Ne-ben der internen Ausgestaltung ging es auch darum, die Wege- und Beschilderungsverkn\u00fcp-fungen mit dem hessischen Radfernwegenetz sowie den Radwegenetzen der Nachbarland-kreise, des Regionalforums Fulda-S\u00fcdwest sowie der Stadt Fulda herzustellen.<\/p>\n<p>Die Planungsarbeiten wurden von einer projektbegleitenden Arbeitsgruppe unterst\u00fctzt, in der alle 15 betroffenen St\u00e4dte und Gemeinden vertreten waren. Als Ergebnis liegt nach entspre-chender Vorlaufzeit ein abgestimmtes Radwegekonzept vor. Es beinhaltet unter anderem die Festlegung der Wegef\u00fchrung, dessen Verkn\u00fcpfung mit den Nachbarnetzen sowie einen Be-schilderungsplan, wobei sich Form und Beschriftung der Beschilderung an den Empfehlun-gen der Forschungsgesellschaft f\u00fcr das Stra\u00dfen- und Verkehrswesen bzw. des Allgemeinen Deutschen Radfahrerclubs (ADFC) orientiert.<\/p>\n<p>Federf\u00fchrung bei Gemeinde K\u00fcnzell<\/p>\n<p>So wichtig eine konzeptionelle Planung auch sein mag, so entscheidend ist bei einem Infra-strukturprojekt letztlich die konkrete Umsetzung. Diese zu Stande zu bringen, war angesichts der Tatsache, dass die Zust\u00e4ndigkeit f\u00fcr Radwege formal in der Hand jeder einzelnen Ge-meinde liegt, kein leichtes Unterfangen. Die koordinierte zeitgleiche Umsetzung konnte da-her nur gelingen, weil die Gemeinden bereit waren, sich zu einer kommunalen Arbeitsge-meinschaft zusammenschlie\u00dfen, und K\u00fcnzell quasi gesch\u00e4ftsf\u00fchrend f\u00fcr alle anderen die Umsetzungsarbeiten \u00fcbernahm.<\/p>\n<p>Landrat Woide stellt noch mal den Umfang der Arbeiten heraus, die von der Gemeinde K\u00fcn-zell im Interesse der gemeinsamen Sache dabei auf sich genommen worden seien, und spricht B\u00fcrgermeister Meinecke und ganz besonders auch den mit der Projektabwicklung befassten Mitarbeiterinnen und Mitarbeitern der Gemeindeverwaltung seinen und den Dank der \u00fcbrigen kreisangeh\u00f6rigen St\u00e4dte und Gemeinden aus.<\/p>\n<p>Die von K\u00fcnzell \u00fcbernommene Koordinierungsaufgabe umfasste ein weites Arbeitsspektrum, so unter anderem die Antragstellung f\u00fcr die angestrebte Projektf\u00f6rderung aus Mitteln des Gemeindeverkehrsfinanzierungsgesetzes (GVFG), die Ausschreibung der Gesamtma\u00dfnah-me, die Auswahl des Schilderherstellers, die Auftragsvergabe, die Kontrolle und Verteilung der Lieferung sowie die sp\u00e4tere Abrechnung der F\u00f6rdermittel einschlie\u00dflich der Erhebung der Eigenmittelanteile von den einzelnen Kommunen.<\/p>\n<p>In K\u00fcrze auf digitalisierter Rh\u00f6nkarte<\/p>\n<p>Insgesamt sind f\u00fcr die Schaffung der neuen Beschilderungsinfrastruktur Aufwendungen in H\u00f6he von 142.300 Euro entstanden, wof\u00fcr die kommunale Arbeitsgemeinschaft beim Hessi-schen Ministerium f\u00fcr Wirtschaft, Verkehr und Landesentwicklung F\u00f6rdermittel aus dem GVFG-Programm in H\u00f6he von 106.700 Euro akquirieren konnte. In den Aufwendungen ent-halten sind auch die Kosten f\u00fcr die Installation der Beschilderung, die von jeder Gemeinde selbst vorzunehmen war.<\/p>\n<p>Landrat Woide und B\u00fcrgermeister Meinecke freuen sich \u00fcber den erfolgreichen Abschluss dieses gemeinsam von Landkreis und Gemeinden in Angriff genommenen Projekts und hof-fen auf rege Nutzung der geschaffenen Infrastruktur. Sie weisen allerdings auch auf ein Defi-zit hin, das die Planung von Radtouren noch etwas erschwere. Es gebe leider noch keine aktuelle Radwanderkarte, die das neue Radwegenetz im Landkreis Fulda komplett darstellt. Allerdings \u2013 so der erg\u00e4nzende Hinweis \u2013 werde das Radwegenetz in K\u00fcrze auf der digitalen Rh\u00f6nkarte, die auf der Homepage www.rhoen.de zu finden ist, abgebildet sein.<\/p><\/div>\n","protected":false},"excerpt":{"rendered":"<div class=\"tmnf_excerpt\"><p>Fulda. Wer h\u00e4ufiger mit dem Fahrrad im Landkreis Fulda unterwegs ist, wird es schon l\u00e4nger mit Wohlwollen registriert haben. Aber auch diejenigen, die gerne auf das Fahrrad steigen w\u00fcrden, jedoch bisher nicht so richtig wussten, wie man radwandernd im Landkreis sein Ziel erreicht, sollten es kennen: Bereits seit dem letzten Jahr existiert im Landkreis Fulda &hellip;<\/p>\n<\/div>","protected":false},"author":1,"featured_media":0,"comment_status":"closed","ping_status":"closed","sticky":false,"template":"","format":"standard","meta":{"footnotes":""},"categories":[1,35,44,46],"tags":[],"class_list":["post-35368","post","type-post","status-publish","format-standard","hentry","category-startseite","category-auto","category-kultur","category-sport"],"_links":{"self":[{"href":"https:\/\/www.fuldaernachrichten.de\/index.php?rest_route=\/wp\/v2\/posts\/35368","targetHints":{"allow":["GET"]}}],"collection":[{"href":"https:\/\/www.fuldaernachrichten.de\/index.php?rest_route=\/wp\/v2\/posts"}],"about":[{"href":"https:\/\/www.fuldaernachrichten.de\/index.php?rest_route=\/wp\/v2\/types\/post"}],"author":[{"embeddable":true,"href":"https:\/\/www.fuldaernachrichten.de\/index.php?rest_route=\/wp\/v2\/users\/1"}],"replies":[{"embeddable":true,"href":"https:\/\/www.fuldaernachrichten.de\/index.php?rest_route=%2Fwp%2Fv2%2Fcomments&post=35368"}],"version-history":[{"count":3,"href":"https:\/\/www.fuldaernachrichten.de\/index.php?rest_route=\/wp\/v2\/posts\/35368\/revisions"}],"predecessor-version":[{"id":35464,"href":"https:\/\/www.fuldaernachrichten.de\/index.php?rest_route=\/wp\/v2\/posts\/35368\/revisions\/35464"}],"wp:attachment":[{"href":"https:\/\/www.fuldaernachrichten.de\/index.php?rest_route=%2Fwp%2Fv2%2Fmedia&parent=35368"}],"wp:term":[{"taxonomy":"category","embeddable":true,"href":"https:\/\/www.fuldaernachrichten.de\/index.php?rest_route=%2Fwp%2Fv2%2Fcategories&post=35368"},{"taxonomy":"post_tag","embeddable":true,"href":"https:\/\/www.fuldaernachrichten.de\/index.php?rest_route=%2Fwp%2Fv2%2Ftags&post=35368"}],"curies":[{"name":"wp","href":"https:\/\/api.w.org\/{rel}","templated":true}]}}