{"id":35350,"date":"2009-08-02T08:07:42","date_gmt":"2009-08-02T06:07:42","guid":{"rendered":"http:\/\/www.schoene-nachrichten.de\/?p=35350"},"modified":"2009-08-02T09:07:52","modified_gmt":"2009-08-02T07:07:52","slug":"poetische-naechte-fuer-kinder-und-erwachsene","status":"publish","type":"post","link":"https:\/\/www.fuldaernachrichten.de\/?p=35350","title":{"rendered":"Poetische N\u00e4chte f\u00fcr Kinder und Erwachsene"},"content":{"rendered":"<p><strong>Rh\u00f6n. <\/strong>In Kooperation mit dem Verein Natur- und Lebensraum Rh\u00f6n e.V. und dem Biosph\u00e4renreservat Rh\u00f6n spricht und spielt der Erz\u00e4hler der Nacht, Poet und Schauspieler, Rudolf H. Herget, poetische Impressionen unter freiem Himmel. \u201eZauberwelt des M\u00e4rchens\u201c \u2013 f\u00fcr Kinder ab 3 Jahren. Bitte Kuscheltiere mitbringen. Treffpunkt: Sonntag, 9. August 2009, 16.00 Uhr, Burgruine Ebersburg. Um 20.00 Uhr findet ebenfalls auf der Burgruine Ebersburg eine Veranstaltung f\u00fcr Erwachsene statt. \u201eIn der vollkommenen Stille h\u00f6ren wir die ganze Welt \u2013 poetische Impressionen zum Sonnenuntergang.\u201c Beide Veranstaltungen sind kostenfrei.<\/p>\n","protected":false},"excerpt":{"rendered":"<div class=\"tmnf_excerpt\"><p>Rh\u00f6n. In Kooperation mit dem Verein Natur- und Lebensraum Rh\u00f6n e.V. und dem Biosph\u00e4renreservat Rh\u00f6n spricht und spielt der Erz\u00e4hler der Nacht, Poet und Schauspieler, Rudolf H. Herget, poetische Impressionen unter freiem Himmel. \u201eZauberwelt des M\u00e4rchens\u201c \u2013 f\u00fcr Kinder ab 3 Jahren. Bitte Kuscheltiere mitbringen. Treffpunkt: Sonntag, 9. August 2009, 16.00 Uhr, Burgruine Ebersburg. Um &hellip;<\/p>\n<\/div>","protected":false},"author":1,"featured_media":0,"comment_status":"closed","ping_status":"closed","sticky":false,"template":"","format":"standard","meta":{"footnotes":""},"categories":[1,53,72],"tags":[],"class_list":["post-35350","post","type-post","status-publish","format-standard","hentry","category-startseite","category-bildung","category-jugend"],"_links":{"self":[{"href":"https:\/\/www.fuldaernachrichten.de\/index.php?rest_route=\/wp\/v2\/posts\/35350","targetHints":{"allow":["GET"]}}],"collection":[{"href":"https:\/\/www.fuldaernachrichten.de\/index.php?rest_route=\/wp\/v2\/posts"}],"about":[{"href":"https:\/\/www.fuldaernachrichten.de\/index.php?rest_route=\/wp\/v2\/types\/post"}],"author":[{"embeddable":true,"href":"https:\/\/www.fuldaernachrichten.de\/index.php?rest_route=\/wp\/v2\/users\/1"}],"replies":[{"embeddable":true,"href":"https:\/\/www.fuldaernachrichten.de\/index.php?rest_route=%2Fwp%2Fv2%2Fcomments&post=35350"}],"version-history":[{"count":3,"href":"https:\/\/www.fuldaernachrichten.de\/index.php?rest_route=\/wp\/v2\/posts\/35350\/revisions"}],"predecessor-version":[{"id":35599,"href":"https:\/\/www.fuldaernachrichten.de\/index.php?rest_route=\/wp\/v2\/posts\/35350\/revisions\/35599"}],"wp:attachment":[{"href":"https:\/\/www.fuldaernachrichten.de\/index.php?rest_route=%2Fwp%2Fv2%2Fmedia&parent=35350"}],"wp:term":[{"taxonomy":"category","embeddable":true,"href":"https:\/\/www.fuldaernachrichten.de\/index.php?rest_route=%2Fwp%2Fv2%2Fcategories&post=35350"},{"taxonomy":"post_tag","embeddable":true,"href":"https:\/\/www.fuldaernachrichten.de\/index.php?rest_route=%2Fwp%2Fv2%2Ftags&post=35350"}],"curies":[{"name":"wp","href":"https:\/\/api.w.org\/{rel}","templated":true}]}}